{"id":160292,"date":"2017-02-16T06:41:57","date_gmt":"2017-02-16T05:41:57","guid":{"rendered":"http:\/\/www.fuldaer-nachrichten.de\/?p=160292"},"modified":"2017-02-15T20:42:57","modified_gmt":"2017-02-15T19:42:57","slug":"schulkommissionen-des-kreistags-fuer-allgemeinbildende-und-berufsbildende-schulen-gehoeren-auch-sachkundige-buerger-an","status":"publish","type":"post","link":"https:\/\/www.fuldaernachrichten.de\/?p=160292","title":{"rendered":"Schulkommissionen des Kreistags f\u00fcr allgemeinbildende und berufsbildende Schulen geh\u00f6ren auch sachkundige B\u00fcrger an"},"content":{"rendered":"<p>Der Kreistag hat nicht nur insgesamt vier Fachaussch\u00fcsse, die ihn bei seiner Arbeit unterst\u00fctzen, sondern auch Kommissionen. In den Aussch\u00fcssen sind die Fraktionen ihrer St\u00e4rke nach mit Abgeordneten vertreten. Das Besondere an den Kommissionen ist, dass ihnen Kreistagsabgeordnete und sachkundige B\u00fcrger angeh\u00f6ren.<\/p>\n<p>Zu den Kommissionen, die nach jeder Kommunalwahl neu gebildet werden m\u00fcssen, z\u00e4hlen die Schulkommissionen. Das Hessische Schulgesetz legt in \u00c2\u00a7 148 fest, dass den Schulkommissionen Lehrer, Eltern und Sch\u00fcler sowie Vertreter der Kirchen und Religionsgemeinschafen angeh\u00f6ren, die K\u00f6rperschaften des \u00f6ffentlichen Rechts sind. Im Landkreis Fulda gibt es eine Schulkommission f\u00fcr allgemeinbildende Schulen und eine Schulkommission f\u00fcr berufsbildende Schulen.<\/p>\n<p>Den Schulkommissionen f\u00fcr die allgemeinbildenden und die berufsbildenden Schulen geh\u00f6ren neben dem Landrat oder einem von ihm bestellten Vertreter als dem Vorsitzenden jeweils sechs Kreistagsabgeordnete sowie verschiedene sachkundige B\u00fcrger an, deren genaue Anzahl und Zusammensetzung die Hauptsatzung des Landkreises Fulda regelt. Bereits erfolgt ist die Wahl der Kreistagsabgeordneten, bei den sachkundigen B\u00fcrgern l\u00e4uft das Verfahren noch.<\/p>\n<p>In die Schulkommission f\u00fcr allgemeinbildende Schulen wurden Martina Hering, Norbert Mengel, Heiko Stolz (alle CDU), Thomas Gr\u00fcnkorn (CWE), Renate Schirmer (SPD) und Marco Haber (AfD) gew\u00e4hlt, in die Schulkommission f\u00fcr berufsbildende Schulen Manfred Belte, Daniel H\u00f6fer, Gaby Kerber (alle CDU), Simon Sch\u00fcler (SPD), Dieter H\u00fcmmler (AfD) und Helmut Sch\u00f6nberger (Gr\u00fcne). F\u00fcr das ausgeschiedene Kreistagsmitglied Gaby Kerber muss eine Nachwahl erfolgen.<\/p>\n<p>Laut Hauptsatzung des Landkreises Fulda wirken die beiden Schulkommissionen, soweit ihnen nicht von Gesetzes wegen besondere Aufgaben zugewiesen sind oder werden, insbesondere bei dem Entwurf des Haushaltsplans, bei der Schaffung zus\u00e4tzlicher Unterrichtseinrichtungen, sozialer oder p\u00e4dagogischer Hilfseinrichtungen, bei der Errichtung, Organisations\u00e4nderung und Aufhebung von Schulen sowie bei der Feststellung und Fortschreibung des Schulentwicklungsplans mit.<\/p>\n<p>Im Vordergrund steht dabei die Information \u00fcber investive Vorhaben an Kreisschulen. Das Geb\u00e4udemanagement des Landkreises erstellt hierzu eine ausf\u00fchrliche Pr\u00e4sentation \u00fcber geplante bauliche Ma\u00dfnahmen. Diese Liste f\u00e4llt in diesem Jahr wegen der im Rahmen des Kommunalen Investitionsprogramms vorgesehenen Projekte besonders umfangreich aus. Zu den Ma\u00dfnahmen geh\u00f6rt beispielsweise die Innensanierung der Von-Galen-Schule mit 3,2 Millionen Euro.<\/p>\n<p>Von entscheidender Bedeutung f\u00fcr die Weiterentwicklung des Schulwesens im Landkreis ist auch die Fortschreibung des Schulentwicklungsplans, in die die Schulkommissionen eingebunden sind. Ein Entwurf wird derzeit vom Fachdienst Schulen der Kreisverwaltung erarbeitet und geht dann an die zu beteiligenden Gremien. Die Fortschreibung soll im Herbst vom Kreistag verabschiedet werden, um anschlie\u00dfend dem Hessischen Kultusministerium zur Genehmigung vorgelegt zu werden.<\/p>\n","protected":false},"excerpt":{"rendered":"<div class=\"tmnf_excerpt\"><p>Der Kreistag hat nicht nur insgesamt vier Fachaussch\u00fcsse, die ihn bei seiner Arbeit unterst\u00fctzen, sondern auch Kommissionen. In den Aussch\u00fcssen sind die Fraktionen ihrer St\u00e4rke nach mit Abgeordneten vertreten. Das Besondere an den Kommissionen ist, dass ihnen Kreistagsabgeordnete und sachkundige B\u00fcrger angeh\u00f6ren. Zu den Kommissionen, die nach jeder Kommunalwahl neu gebildet werden m\u00fcssen, z\u00e4hlen die &hellip;<\/p>\n<\/div>","protected":false},"author":1,"featured_media":160295,"comment_status":"closed","ping_status":"closed","sticky":false,"template":"","format":"standard","meta":{"footnotes":""},"categories":[1],"tags":[],"class_list":["post-160292","post","type-post","status-publish","format-standard","has-post-thumbnail","hentry","category-startseite"],"_links":{"self":[{"href":"https:\/\/www.fuldaernachrichten.de\/index.php?rest_route=\/wp\/v2\/posts\/160292","targetHints":{"allow":["GET"]}}],"collection":[{"href":"https:\/\/www.fuldaernachrichten.de\/index.php?rest_route=\/wp\/v2\/posts"}],"about":[{"href":"https:\/\/www.fuldaernachrichten.de\/index.php?rest_route=\/wp\/v2\/types\/post"}],"author":[{"embeddable":true,"href":"https:\/\/www.fuldaernachrichten.de\/index.php?rest_route=\/wp\/v2\/users\/1"}],"replies":[{"embeddable":true,"href":"https:\/\/www.fuldaernachrichten.de\/index.php?rest_route=%2Fwp%2Fv2%2Fcomments&post=160292"}],"version-history":[{"count":1,"href":"https:\/\/www.fuldaernachrichten.de\/index.php?rest_route=\/wp\/v2\/posts\/160292\/revisions"}],"predecessor-version":[{"id":160296,"href":"https:\/\/www.fuldaernachrichten.de\/index.php?rest_route=\/wp\/v2\/posts\/160292\/revisions\/160296"}],"wp:featuredmedia":[{"embeddable":true,"href":"https:\/\/www.fuldaernachrichten.de\/index.php?rest_route=\/wp\/v2\/media\/160295"}],"wp:attachment":[{"href":"https:\/\/www.fuldaernachrichten.de\/index.php?rest_route=%2Fwp%2Fv2%2Fmedia&parent=160292"}],"wp:term":[{"taxonomy":"category","embeddable":true,"href":"https:\/\/www.fuldaernachrichten.de\/index.php?rest_route=%2Fwp%2Fv2%2Fcategories&post=160292"},{"taxonomy":"post_tag","embeddable":true,"href":"https:\/\/www.fuldaernachrichten.de\/index.php?rest_route=%2Fwp%2Fv2%2Ftags&post=160292"}],"curies":[{"name":"wp","href":"https:\/\/api.w.org\/{rel}","templated":true}]}}