{"id":160291,"date":"2017-02-15T20:44:47","date_gmt":"2017-02-15T19:44:47","guid":{"rendered":"http:\/\/www.fuldaer-nachrichten.de\/?p=160291"},"modified":"2017-02-15T20:44:47","modified_gmt":"2017-02-15T19:44:47","slug":"neue-kooperation-teilnehmer-des-projekts-wohnen-lernen-arbeiten-bei-borussia-fulda","status":"publish","type":"post","link":"https:\/\/www.fuldaernachrichten.de\/?p=160291","title":{"rendered":"Neue Kooperation: Teilnehmer des Projekts \u201eWohnen, Lernen, Arbeiten\u201c bei Borussia Fulda"},"content":{"rendered":"<p>18 M\u00e4nner zwischen 20 und 50 Jahren kickten heute auf dem Kunstrasenplatz in der Johannisau in Fulda. Was nach einer ganz normalen Trainingseinheit auf dem Gel\u00e4nde des Hessenligisten klingt, war in diesem Fall etwas Besonderes: \u201eGemeinsam mit den aktiven Borussen Vedran Jerkovic, Nikola Milankovic, Matija Poredski, Kenan Mujezinovic und unter der Leitung des Trainers der dritten Mannschaft, Tolga Pekmezci, hat das erste Probetraining f\u00fcr Teilnehmer des Verbundprojekts ,Wohnen, Lernen, Arbeiten\u00e2\u20ac\u02dc stattgefunden\u201c, erz\u00e4hlt Sebastian M\u00f6ller, Sportmanager von Borussia Fulda. \u201eDabei handelt es sich um Asylbewerber, die in unserer Region ein vorl\u00e4ufiges Zuhause gefunden haben.\u201c<\/p>\n<p>Das Projekt \u201eWohnen, Lernen, Arbeiten\u201c wurde im Oktober 2016 in Zusammenarbeit von antonius \u2013 Netzwerk Mensch, der gemeinn\u00fctzigen Perspektiva GmbH und des R\u00dcBSAM Weiterbildungszentrums (WBZ) gestartet und aus Mitteln des europ\u00e4ischen Sozialfonds und des Landes Hessen gef\u00f6rdert sowie vom Landkreis Fulda und der Agentur f\u00fcr Arbeit unterst\u00fctzt und begleitet. \u201eEs handelt sich um ein ganzheitliches Konzept zur Integration von Asylbewerberinnen und Asylbewerbern in den Arbeitsmarkt\u201c, erl\u00e4utert Susanne Hartmann, Leiterin des R\u00dcBSAM WBZ, \u201eund die gesellschaftliche Integration spielt im Rahmen des Konzepts eine wesentliche Rolle.\u201c Hierf\u00fcr wurde Kontakt zu einem hiesigen Sportverein gesucht, und bei Borussia Fulda wurden die Organisatoren des Verbundprojekts direkt f\u00fcndig. \u201eAls Verein haben wir eine gesellschaftliche Verantwortung, und wir waren uns schnell sicher, dass wir hier helfen k\u00f6nnen\u201c, betont Sebastian M\u00f6ller. Dass Fu\u00dfball verbindet, hat auch die Teilnehmer des Projekts \u201eWohnen, Lernen, Arbeiten\u201c direkt \u00fcberzeugt. \u201eEin tolles Angebot, um neue Menschen kennenzulernen und Kontakte in Fulda zu kn\u00fcpfen\u201c, so die einstimmige Meinung der Teilnehmer.<\/p>\n<p>Auf den Fu\u00dfballplatz vorbereitet wurden die Teilnehmer bereits im Vorfeld im Rahmen des Deutschunterrichts im R\u00dcBSAM WBZ. \u201eIm Sprachkurs haben wir Vokabeln rund um Freizeitaktivit\u00e4ten gelernt, besonders beliebt ist nat\u00fcrlich der Fu\u00dfball. Und damit sich alle gleich richtig gut mit dem Trainer verst\u00e4ndigen k\u00f6nnen, gab es zus\u00e4tzlich sogar eine Extrastunde zum Thema Fu\u00dfball\u201c, betont Sprachlehrerin Jasmina Kahle, die auch f\u00fcr die Kontakte in hiesige Vereine verantwortlich ist. Die gesellschaftliche Integration ist f\u00fcr Susanne Hartmann im Rahmen des Konzepts damit ein St\u00fcck weiter ins Rollen gekommen: \u201eDie Zustimmung ist toll, und wir freuen uns dar\u00fcber, dass die Teilnehmer neben dem Alltag in Schulen und Werkst\u00e4tten hierdurch auch die M\u00f6glichkeit erhalten, in ihrer Freizeit einen festen Platz in der Gesellschaft zu finden.\u201c<\/p>\n<p>Weitere und vor allem auch regelm\u00e4\u00dfige Trainingseinheiten sollen f\u00fcr alle interessierten Teilnehmer aus dem Projekt \u201eWohnen, Lernen, Arbeiten\u201c bei Borussia Fulda angeboten werden. \u201eIch freue mich darauf, die Jungs besser kennenzulernen. Bei dem einen oder anderen hat man heute schon gesehen, dass neben Motivation auch Talent da ist, wobei nat\u00fcrlich der Spa\u00df an der Bewegung klar im Vordergrund steht\u201c, so Trainer Tolga Pekmeci.<\/p>\n","protected":false},"excerpt":{"rendered":"<div class=\"tmnf_excerpt\"><p>18 M\u00e4nner zwischen 20 und 50 Jahren kickten heute auf dem Kunstrasenplatz in der Johannisau in Fulda. Was nach einer ganz normalen Trainingseinheit auf dem Gel\u00e4nde des Hessenligisten klingt, war in diesem Fall etwas Besonderes: \u201eGemeinsam mit den aktiven Borussen Vedran Jerkovic, Nikola Milankovic, Matija Poredski, Kenan Mujezinovic und unter der Leitung des Trainers der &hellip;<\/p>\n<\/div>","protected":false},"author":1,"featured_media":160305,"comment_status":"closed","ping_status":"closed","sticky":false,"template":"","format":"gallery","meta":{"footnotes":""},"categories":[1],"tags":[],"class_list":["post-160291","post","type-post","status-publish","format-gallery","has-post-thumbnail","hentry","category-startseite","post_format-post-format-gallery"],"_links":{"self":[{"href":"https:\/\/www.fuldaernachrichten.de\/index.php?rest_route=\/wp\/v2\/posts\/160291","targetHints":{"allow":["GET"]}}],"collection":[{"href":"https:\/\/www.fuldaernachrichten.de\/index.php?rest_route=\/wp\/v2\/posts"}],"about":[{"href":"https:\/\/www.fuldaernachrichten.de\/index.php?rest_route=\/wp\/v2\/types\/post"}],"author":[{"embeddable":true,"href":"https:\/\/www.fuldaernachrichten.de\/index.php?rest_route=\/wp\/v2\/users\/1"}],"replies":[{"embeddable":true,"href":"https:\/\/www.fuldaernachrichten.de\/index.php?rest_route=%2Fwp%2Fv2%2Fcomments&post=160291"}],"version-history":[{"count":1,"href":"https:\/\/www.fuldaernachrichten.de\/index.php?rest_route=\/wp\/v2\/posts\/160291\/revisions"}],"predecessor-version":[{"id":160306,"href":"https:\/\/www.fuldaernachrichten.de\/index.php?rest_route=\/wp\/v2\/posts\/160291\/revisions\/160306"}],"wp:featuredmedia":[{"embeddable":true,"href":"https:\/\/www.fuldaernachrichten.de\/index.php?rest_route=\/wp\/v2\/media\/160305"}],"wp:attachment":[{"href":"https:\/\/www.fuldaernachrichten.de\/index.php?rest_route=%2Fwp%2Fv2%2Fmedia&parent=160291"}],"wp:term":[{"taxonomy":"category","embeddable":true,"href":"https:\/\/www.fuldaernachrichten.de\/index.php?rest_route=%2Fwp%2Fv2%2Fcategories&post=160291"},{"taxonomy":"post_tag","embeddable":true,"href":"https:\/\/www.fuldaernachrichten.de\/index.php?rest_route=%2Fwp%2Fv2%2Ftags&post=160291"}],"curies":[{"name":"wp","href":"https:\/\/api.w.org\/{rel}","templated":true}]}}