{"id":160286,"date":"2017-02-16T06:40:23","date_gmt":"2017-02-16T05:40:23","guid":{"rendered":"http:\/\/www.fuldaer-nachrichten.de\/?p=160286"},"modified":"2017-02-15T20:42:10","modified_gmt":"2017-02-15T19:42:10","slug":"landkreis-fulda-beteiligt-sich-mit-46-000-euro-an-finanzierung-der-umbaumassnahme-des-jugendwerks-st-michael","status":"publish","type":"post","link":"https:\/\/www.fuldaernachrichten.de\/?p=160286","title":{"rendered":"Landkreis Fulda beteiligt sich mit 46.000 Euro an Finanzierung der Umbauma\u00dfnahme des Jugendwerks St. Michael"},"content":{"rendered":"<p>Der Landkreis Fulda leistet einen Zuschuss von 46.000 Euro aus dem Kreisausgleichsstock f\u00fcr die Erweiterung und Modernisierung des Thomas-Morus-Hauses in der Rh\u00f6n. <\/p>\n<p>Das Jugendg\u00e4stehaus bietet Platz f\u00fcr 50 Personen und weitere 250 Personen auf den angeschlossenen Zeltpl\u00e4tzen. Das Jugendwerk St. Michael will die Einrichtung erweitern und modernisieren. Insbesondere ist eine Sanierung von Sanit\u00e4ranlagen, Speisesaal, Heizung und Dacheindeckung vorgesehen. Auch sollen neue Fl\u00e4chen durch einen Anbau im Obergeschoss entstehen.<\/p>\n<p>Nach Aussage des Ersten Kreisbeigeordneten Frederik Schmitt leiste das Thomas-Morus-Haus einen wichtigen Beitrag zur Jugendarbeit in der Region. Von daher l\u00e4gen die Bauarbeiten auch im Interesse des Landkreises Fulda. Die F\u00f6rderh\u00f6he orientiere sich an vergleichbaren Ma\u00dfnahmen anderer Tr\u00e4ger.<\/p>\n","protected":false},"excerpt":{"rendered":"<div class=\"tmnf_excerpt\"><p>Der Landkreis Fulda leistet einen Zuschuss von 46.000 Euro aus dem Kreisausgleichsstock f\u00fcr die Erweiterung und Modernisierung des Thomas-Morus-Hauses in der Rh\u00f6n. Das Jugendg\u00e4stehaus bietet Platz f\u00fcr 50 Personen und weitere 250 Personen auf den angeschlossenen Zeltpl\u00e4tzen. Das Jugendwerk St. Michael will die Einrichtung erweitern und modernisieren. Insbesondere ist eine Sanierung von Sanit\u00e4ranlagen, Speisesaal, Heizung &hellip;<\/p>\n<\/div>","protected":false},"author":1,"featured_media":0,"comment_status":"closed","ping_status":"closed","sticky":false,"template":"","format":"standard","meta":{"footnotes":""},"categories":[1],"tags":[],"class_list":["post-160286","post","type-post","status-publish","format-standard","hentry","category-startseite"],"_links":{"self":[{"href":"https:\/\/www.fuldaernachrichten.de\/index.php?rest_route=\/wp\/v2\/posts\/160286","targetHints":{"allow":["GET"]}}],"collection":[{"href":"https:\/\/www.fuldaernachrichten.de\/index.php?rest_route=\/wp\/v2\/posts"}],"about":[{"href":"https:\/\/www.fuldaernachrichten.de\/index.php?rest_route=\/wp\/v2\/types\/post"}],"author":[{"embeddable":true,"href":"https:\/\/www.fuldaernachrichten.de\/index.php?rest_route=\/wp\/v2\/users\/1"}],"replies":[{"embeddable":true,"href":"https:\/\/www.fuldaernachrichten.de\/index.php?rest_route=%2Fwp%2Fv2%2Fcomments&post=160286"}],"version-history":[{"count":1,"href":"https:\/\/www.fuldaernachrichten.de\/index.php?rest_route=\/wp\/v2\/posts\/160286\/revisions"}],"predecessor-version":[{"id":160293,"href":"https:\/\/www.fuldaernachrichten.de\/index.php?rest_route=\/wp\/v2\/posts\/160286\/revisions\/160293"}],"wp:attachment":[{"href":"https:\/\/www.fuldaernachrichten.de\/index.php?rest_route=%2Fwp%2Fv2%2Fmedia&parent=160286"}],"wp:term":[{"taxonomy":"category","embeddable":true,"href":"https:\/\/www.fuldaernachrichten.de\/index.php?rest_route=%2Fwp%2Fv2%2Fcategories&post=160286"},{"taxonomy":"post_tag","embeddable":true,"href":"https:\/\/www.fuldaernachrichten.de\/index.php?rest_route=%2Fwp%2Fv2%2Ftags&post=160286"}],"curies":[{"name":"wp","href":"https:\/\/api.w.org\/{rel}","templated":true}]}}