{"id":160284,"date":"2017-02-16T06:39:21","date_gmt":"2017-02-16T05:39:21","guid":{"rendered":"http:\/\/www.fuldaer-nachrichten.de\/?p=160284"},"modified":"2017-02-15T20:41:15","modified_gmt":"2017-02-15T19:41:15","slug":"hofbieber-ist-gut-aufgestellt","status":"publish","type":"post","link":"https:\/\/www.fuldaernachrichten.de\/?p=160284","title":{"rendered":"Hofbieber ist gut aufgestellt"},"content":{"rendered":"<p><a href=\"http:\/\/www.fuldaer-nachrichten.de\/wp-content\/uploads\/2017\/02\/Stammtisch-TGV-02-2017-1.jpg\"><img decoding=\"async\" class=\"alignleft size-thumbnail wp-image-160288\" src=\"http:\/\/www.fuldaer-nachrichten.de\/wp-content\/uploads\/2017\/02\/Stammtisch-TGV-02-2017-1-265x149.jpg\" alt=\"\" width=\"265\" height=\"149\" srcset=\"https:\/\/www.fuldaernachrichten.de\/wp-content\/uploads\/2017\/02\/Stammtisch-TGV-02-2017-1-265x149.jpg 265w, https:\/\/www.fuldaernachrichten.de\/wp-content\/uploads\/2017\/02\/Stammtisch-TGV-02-2017-1-768x432.jpg 768w, https:\/\/www.fuldaernachrichten.de\/wp-content\/uploads\/2017\/02\/Stammtisch-TGV-02-2017-1-600x337.jpg 600w, https:\/\/www.fuldaernachrichten.de\/wp-content\/uploads\/2017\/02\/Stammtisch-TGV-02-2017-1.jpg 900w\" sizes=\"(max-width: 265px) 100vw, 265px\" \/><\/a>Schon seit einigen Jahren besch\u00e4ftigen sich die Tourismusverantwortlichen der Gemeinde und der Tourismus- und Gewerbeverein intensiv mit dem Thema \u201eOnline-Marketing\u201c.<\/p>\n<p>Die j\u00fcngsten Statistiken best\u00e4tigen die zukunftsorientierte, erfolgreiche Zusammenarbeit u.a. mit dem Internetredakteur Thomas Noll, der auch 3. Vorsitzender des Vereins ist, und sich verst\u00e4rkt in diese Entwicklung einbringt. Der Leiter der Tourist-Information und Gesch\u00e4ftsf\u00fchrer des Vereins, Klaus-Dieter Eckstein, zeigt sich sehr erfreut \u00fcber die positive Entwicklung der G\u00e4ste- und \u00dcbernachtungszahlen in der Urlaubsgemeinde: \u201eWir konnten 2016 -nach dem erfolgreichen Abschneiden 2015 mit +5,4% bei den G\u00e4steank\u00fcnften und +10% bei den \u00dcbernachtungen- noch einmal 4,8% (G\u00e4steank\u00fcnfte) und 3,7% (\u00dcbernachtungen) draufpacken\u201c.<\/p>\n<p>Verst\u00e4rkt arbeitet man seit Jahren in Hofbieber an der Pr\u00e4senz und Suchmaschinenoptimierung im Internet. So war k\u00fcrzlich eine Veranstaltung, die vom Tourismus- und Gewerbeverein in der Backstube Frohnapfel in Wittges angeboten wurde, von touristischen Leistungsanbietern und Gewerbetreibenden der Gemeinde sehr gut besucht. Der gute Zuspruch zeigte, dass das Thema \u201eRegionales Online-Marketing mit Google Diensten\u201c gro\u00dfes Interesse geweckt hatte. Aufgezeigt wurde, dass jeder Gewerbetreibende und touristische Anbieter einen Google-Eintrag hat, auch wenn er dies nicht m\u00f6chte. Hier stellt sich die Frage wie man aufgrund dieser Tatsache bestm\u00f6glich davon profitieren kann. Von \u201eDatenm\u00fcll\u201c bis hin zur perfekten Pr\u00e4sentation reicht hier die Spannweite. Das Ziel der Veranstaltung war, dies auf zu zeigen und alle Mitglieder zur perfekten Pr\u00e4sentation zu f\u00fchren bzw. sie auf dem Weg dahin professionell zu unterst\u00fctzen. Der Aufwand den Brancheneintrag zu pflegen ist, im Vergleich zum Nutzen den er stiftet, minimal.<\/p>\n<p>Die Referenten Thomas Noll und Patrick Harnier stellten abschlie\u00dfend fest, dass die Herausforderung dabei ist, sich dem Suchverhalten der Kunden\/G\u00e4ste anzupassen und selbst die Kontrolle \u00fcber Brancheneintr\u00e4ge zu \u00fcbernehmen. In Verbindung mit den weiteren Online-Aktivit\u00e4ten sei Hofbieber insgesamt gut und zeitgem\u00e4\u00df aufgestellt!<\/p>\n","protected":false},"excerpt":{"rendered":"<div class=\"tmnf_excerpt\"><p>Schon seit einigen Jahren besch\u00e4ftigen sich die Tourismusverantwortlichen der Gemeinde und der Tourismus- und Gewerbeverein intensiv mit dem Thema \u201eOnline-Marketing\u201c. Die j\u00fcngsten Statistiken best\u00e4tigen die zukunftsorientierte, erfolgreiche Zusammenarbeit u.a. mit dem Internetredakteur Thomas Noll, der auch 3. Vorsitzender des Vereins ist, und sich verst\u00e4rkt in diese Entwicklung einbringt. Der Leiter der Tourist-Information und Gesch\u00e4ftsf\u00fchrer des &hellip;<\/p>\n<\/div>","protected":false},"author":1,"featured_media":160287,"comment_status":"closed","ping_status":"closed","sticky":false,"template":"","format":"standard","meta":{"footnotes":""},"categories":[1],"tags":[],"class_list":["post-160284","post","type-post","status-publish","format-standard","has-post-thumbnail","hentry","category-startseite"],"_links":{"self":[{"href":"https:\/\/www.fuldaernachrichten.de\/index.php?rest_route=\/wp\/v2\/posts\/160284","targetHints":{"allow":["GET"]}}],"collection":[{"href":"https:\/\/www.fuldaernachrichten.de\/index.php?rest_route=\/wp\/v2\/posts"}],"about":[{"href":"https:\/\/www.fuldaernachrichten.de\/index.php?rest_route=\/wp\/v2\/types\/post"}],"author":[{"embeddable":true,"href":"https:\/\/www.fuldaernachrichten.de\/index.php?rest_route=\/wp\/v2\/users\/1"}],"replies":[{"embeddable":true,"href":"https:\/\/www.fuldaernachrichten.de\/index.php?rest_route=%2Fwp%2Fv2%2Fcomments&post=160284"}],"version-history":[{"count":1,"href":"https:\/\/www.fuldaernachrichten.de\/index.php?rest_route=\/wp\/v2\/posts\/160284\/revisions"}],"predecessor-version":[{"id":160289,"href":"https:\/\/www.fuldaernachrichten.de\/index.php?rest_route=\/wp\/v2\/posts\/160284\/revisions\/160289"}],"wp:featuredmedia":[{"embeddable":true,"href":"https:\/\/www.fuldaernachrichten.de\/index.php?rest_route=\/wp\/v2\/media\/160287"}],"wp:attachment":[{"href":"https:\/\/www.fuldaernachrichten.de\/index.php?rest_route=%2Fwp%2Fv2%2Fmedia&parent=160284"}],"wp:term":[{"taxonomy":"category","embeddable":true,"href":"https:\/\/www.fuldaernachrichten.de\/index.php?rest_route=%2Fwp%2Fv2%2Fcategories&post=160284"},{"taxonomy":"post_tag","embeddable":true,"href":"https:\/\/www.fuldaernachrichten.de\/index.php?rest_route=%2Fwp%2Fv2%2Ftags&post=160284"}],"curies":[{"name":"wp","href":"https:\/\/api.w.org\/{rel}","templated":true}]}}