{"id":160277,"date":"2017-02-16T06:38:02","date_gmt":"2017-02-16T05:38:02","guid":{"rendered":"http:\/\/www.fuldaer-nachrichten.de\/?p=160277"},"modified":"2017-02-15T20:39:18","modified_gmt":"2017-02-15T19:39:18","slug":"gipfelglueck-und-mehr","status":"publish","type":"post","link":"https:\/\/www.fuldaernachrichten.de\/?p=160277","title":{"rendered":"Gipfelgl\u00fcck und mehr"},"content":{"rendered":"<p><a href=\"http:\/\/www.fuldaer-nachrichten.de\/wp-content\/uploads\/2017\/02\/DAV_JP_1.jpg\"><img decoding=\"async\" src=\"http:\/\/www.fuldaer-nachrichten.de\/wp-content\/uploads\/2017\/02\/DAV_JP_1-265x150.jpg\" alt=\"\" width=\"265\" height=\"150\" class=\"alignleft size-thumbnail wp-image-160281\" srcset=\"https:\/\/www.fuldaernachrichten.de\/wp-content\/uploads\/2017\/02\/DAV_JP_1-265x150.jpg 265w, https:\/\/www.fuldaernachrichten.de\/wp-content\/uploads\/2017\/02\/DAV_JP_1-768x433.jpg 768w, https:\/\/www.fuldaernachrichten.de\/wp-content\/uploads\/2017\/02\/DAV_JP_1-600x339.jpg 600w, https:\/\/www.fuldaernachrichten.de\/wp-content\/uploads\/2017\/02\/DAV_JP_1.jpg 900w\" sizes=\"(max-width: 265px) 100vw, 265px\" \/><\/a>Die DAV Sektion Fulda hat ihr Jahresprogramm f\u00fcr 2017 vorgestellt. Im Jubil\u00e4umsjahr, die Sektion feierte im vergangenen November ihr 130-j\u00e4hriges Bestehen, bieten die Bergfreunde einmal mehr ein vielf\u00e4ltiges Aktivprogramm an \u2013 darunter 15 Hoch- und Klettertouren, 39 Wanderungen und zehn Ausbildungskurse. <\/p>\n<p>Mit den mehr als 50 Angeboten im Jahresprogramm der DAV Sektion Fulda m\u00f6chten die Bergfreunde, \u00fcber 35 ehrenamtliche Tourenleiter der Sektion mit langj\u00e4hriger Bergerfahrung, die Faszination des Bergsports weiter geben. Das Spektrum reicht dabei von der Schneeschuhwanderung in der Rh\u00f6n, \u00fcber hochalpine Ski-, Hoch- sowie Klettertouren bis hin zu Wanderungen in der Natur der heimischen Mittelgebirge. <\/p>\n<p>Neben klassischen Zielen wie den Hohen Tauern, dem Wallis oder dem \u00d6tztal stehen in diesem Jahr auch \u201eexotische\u201c Bergregionen wie Sardinien oder das Piemont auf dem Programm. Neu in diesem Jahr sind auch die Gemeinschaftstouren. Die Tourenleiter laden hierzu Mitglieder in Form einer freien Tourenb\u00f6rse zu verschiedenen Zielen ein, \u00fcbernehmen aber keine komplette F\u00fchrung. Seit vielen Jahren feste Programmpunkte im Wanderprogramm sind die Begegnungswanderung mit Bewohnern von Antonius Netzwerk Mensch sowie die gemeinsamen Wanderungen mit dem Rh\u00f6nklub.<\/p>\n<p>Erg\u00e4nzend zum Tourenprogramm bietet die DAV Sektion Fulda ein umfangreiches Kursangebot rund um den Bergsport an: neben Kletterkursen f\u00fcr die Halle, als auch f\u00fcr den Fels, geh\u00f6ren allgemeine Touren-, Konditions- oder auch Fahrtechnik-Trainings f\u00fcr das Moutainbiken dazu.<br \/>\nEin vielf\u00e4ltiges Jahresprogramm wartet also auf seine Teilnehmer, das in den letzten 20 Jahren bereits mehr als 6.000 Teilnehmern die Sch\u00f6nheiten der heimischen, als auch hochalpinen Natur gezeigt hat &#8211; so haben in den letzten 20 Jahren beispielsweise mehr als 200 Mitglieder im Rahmen einer Sektionstour einen Viertausender bestiegen.<\/p>\n","protected":false},"excerpt":{"rendered":"<div class=\"tmnf_excerpt\"><p>Die DAV Sektion Fulda hat ihr Jahresprogramm f\u00fcr 2017 vorgestellt. Im Jubil\u00e4umsjahr, die Sektion feierte im vergangenen November ihr 130-j\u00e4hriges Bestehen, bieten die Bergfreunde einmal mehr ein vielf\u00e4ltiges Aktivprogramm an \u2013 darunter 15 Hoch- und Klettertouren, 39 Wanderungen und zehn Ausbildungskurse. Mit den mehr als 50 Angeboten im Jahresprogramm der DAV Sektion Fulda m\u00f6chten die &hellip;<\/p>\n<\/div>","protected":false},"author":1,"featured_media":160280,"comment_status":"closed","ping_status":"closed","sticky":false,"template":"","format":"standard","meta":{"footnotes":""},"categories":[1],"tags":[],"class_list":["post-160277","post","type-post","status-publish","format-standard","has-post-thumbnail","hentry","category-startseite"],"_links":{"self":[{"href":"https:\/\/www.fuldaernachrichten.de\/index.php?rest_route=\/wp\/v2\/posts\/160277","targetHints":{"allow":["GET"]}}],"collection":[{"href":"https:\/\/www.fuldaernachrichten.de\/index.php?rest_route=\/wp\/v2\/posts"}],"about":[{"href":"https:\/\/www.fuldaernachrichten.de\/index.php?rest_route=\/wp\/v2\/types\/post"}],"author":[{"embeddable":true,"href":"https:\/\/www.fuldaernachrichten.de\/index.php?rest_route=\/wp\/v2\/users\/1"}],"replies":[{"embeddable":true,"href":"https:\/\/www.fuldaernachrichten.de\/index.php?rest_route=%2Fwp%2Fv2%2Fcomments&post=160277"}],"version-history":[{"count":1,"href":"https:\/\/www.fuldaernachrichten.de\/index.php?rest_route=\/wp\/v2\/posts\/160277\/revisions"}],"predecessor-version":[{"id":160282,"href":"https:\/\/www.fuldaernachrichten.de\/index.php?rest_route=\/wp\/v2\/posts\/160277\/revisions\/160282"}],"wp:featuredmedia":[{"embeddable":true,"href":"https:\/\/www.fuldaernachrichten.de\/index.php?rest_route=\/wp\/v2\/media\/160280"}],"wp:attachment":[{"href":"https:\/\/www.fuldaernachrichten.de\/index.php?rest_route=%2Fwp%2Fv2%2Fmedia&parent=160277"}],"wp:term":[{"taxonomy":"category","embeddable":true,"href":"https:\/\/www.fuldaernachrichten.de\/index.php?rest_route=%2Fwp%2Fv2%2Fcategories&post=160277"},{"taxonomy":"post_tag","embeddable":true,"href":"https:\/\/www.fuldaernachrichten.de\/index.php?rest_route=%2Fwp%2Fv2%2Ftags&post=160277"}],"curies":[{"name":"wp","href":"https:\/\/api.w.org\/{rel}","templated":true}]}}