{"id":160266,"date":"2017-02-15T20:38:00","date_gmt":"2017-02-15T19:38:00","guid":{"rendered":"http:\/\/www.fuldaer-nachrichten.de\/?p=160266"},"modified":"2017-02-15T20:38:00","modified_gmt":"2017-02-15T19:38:00","slug":"gemeinsames-erfolgserlebnis-fuer-antonius-netzwerk-mensch-und-freiherr-vom-stein-schule","status":"publish","type":"post","link":"https:\/\/www.fuldaernachrichten.de\/?p=160266","title":{"rendered":"Gemeinsames Erfolgserlebnis f\u00fcr antonius \u2013 Netzwerk Mensch und Freiherr-vom-Stein Schule"},"content":{"rendered":"<p>Glei\u00dfendes Scheinwerferlicht, \u00fcber 100 Besucher und gespannte Gesichter: ein Bild, auf das viele Schauspieler anl\u00e4sslich einer Theaterpremiere mit Lampenfieber reagieren. Nicht so die Theatergruppen von Fulda Futur und der Freiherr-vom-Stein-Schule, die anl\u00e4sslich der 29. Schultheatertage in Fulda gemeinsam auf der B\u00fchne standen. <\/p>\n<p>Insgesamt elf Gruppen von Sch\u00fclerinnen und Sch\u00fclern unterschiedlicher Schulformen aus Fulda und Umgebung pr\u00e4sentierten k\u00fcrzlich ihr selbst entwickelten St\u00fccke zum Thema \u201evirtuelle B\u00fchne\u201c in der Aula des Marianums. Bereits im zur\u00fcckliegenden Jahr stand besonders das inklusive Team der beiden Theatergruppen von Fulda Futur und der Freiherr-vom-Stein Schule als eine von zwei inklusiven Theatergruppen im Blickpunkt. Die Kooperation wurde 2016 von Magdalena Flache, Mitarbeiterinvon Fulda Futur, initiiert und war auf \u00fcberw\u00e4ltigende Resonanz gesto\u00dfen, sodass dieses Jahr das Team der Freiherr-vom-Stein Schule auf Fulda Futur zugegangen war, um erneut gemeinsam an den Schultheatertagen teilzunehmen. Elf Sch\u00fcler erarbeiteten mit sechs Personen der Theatergruppe von antonius &#8211; Netzwerk Mensch, Theaterp\u00e4dagoge Oliver Nedelmann, Lehrer Torben Franke und unter F\u00fchrung von Sch\u00fclerin Ina Pfisterer, in drei Tagen das siebenmin\u00fctige St\u00fcck \u201eDer Vorhang\u201c. \u201eIch wusste nicht, was auf mich zukommt, war aber beeindruckt von der R\u00fccksicht, dem Respekt und der Akzeptanz untereinander\u201c, erl\u00e4utert Nedelmann, der die Gruppe erstmals betreut hatte. \u201eEines der Ziele der Zusammenarbeit ist es, Ber\u00fchrungs\u00e4ngste abzubauen und eine Selbstverst\u00e4ndlichkeit der Akzeptanz und des Zusammenarbeitens von Menschen mit und ohne Handicapzu schaffen\u201c, betonten die Fulda Futur-Mitarbeiterinnen Magdalena Flache und Geraldine Groll. Genau wie im vorherigen Jahr haben die Gruppen ein Treffen geplant, bei dem das Video zur Auff\u00fchrung angesehen und der Kontakt \u00fcber die Theatertage hinaus aufrecht erhalten werden soll.  Au\u00dferdem gibt es am 9. M\u00e4rz ein Wiedersehen, wenn Schauspieler Oliver Nedelmann ein Gastspiel im Fuldaer Theater Mittendrin gibt.<\/p>\n","protected":false},"excerpt":{"rendered":"<div class=\"tmnf_excerpt\"><p>Glei\u00dfendes Scheinwerferlicht, \u00fcber 100 Besucher und gespannte Gesichter: ein Bild, auf das viele Schauspieler anl\u00e4sslich einer Theaterpremiere mit Lampenfieber reagieren. Nicht so die Theatergruppen von Fulda Futur und der Freiherr-vom-Stein-Schule, die anl\u00e4sslich der 29. Schultheatertage in Fulda gemeinsam auf der B\u00fchne standen. Insgesamt elf Gruppen von Sch\u00fclerinnen und Sch\u00fclern unterschiedlicher Schulformen aus Fulda und Umgebung &hellip;<\/p>\n<\/div>","protected":false},"author":1,"featured_media":160272,"comment_status":"closed","ping_status":"closed","sticky":false,"template":"","format":"gallery","meta":{"footnotes":""},"categories":[1],"tags":[],"class_list":["post-160266","post","type-post","status-publish","format-gallery","has-post-thumbnail","hentry","category-startseite","post_format-post-format-gallery"],"_links":{"self":[{"href":"https:\/\/www.fuldaernachrichten.de\/index.php?rest_route=\/wp\/v2\/posts\/160266","targetHints":{"allow":["GET"]}}],"collection":[{"href":"https:\/\/www.fuldaernachrichten.de\/index.php?rest_route=\/wp\/v2\/posts"}],"about":[{"href":"https:\/\/www.fuldaernachrichten.de\/index.php?rest_route=\/wp\/v2\/types\/post"}],"author":[{"embeddable":true,"href":"https:\/\/www.fuldaernachrichten.de\/index.php?rest_route=\/wp\/v2\/users\/1"}],"replies":[{"embeddable":true,"href":"https:\/\/www.fuldaernachrichten.de\/index.php?rest_route=%2Fwp%2Fv2%2Fcomments&post=160266"}],"version-history":[{"count":1,"href":"https:\/\/www.fuldaernachrichten.de\/index.php?rest_route=\/wp\/v2\/posts\/160266\/revisions"}],"predecessor-version":[{"id":160276,"href":"https:\/\/www.fuldaernachrichten.de\/index.php?rest_route=\/wp\/v2\/posts\/160266\/revisions\/160276"}],"wp:featuredmedia":[{"embeddable":true,"href":"https:\/\/www.fuldaernachrichten.de\/index.php?rest_route=\/wp\/v2\/media\/160272"}],"wp:attachment":[{"href":"https:\/\/www.fuldaernachrichten.de\/index.php?rest_route=%2Fwp%2Fv2%2Fmedia&parent=160266"}],"wp:term":[{"taxonomy":"category","embeddable":true,"href":"https:\/\/www.fuldaernachrichten.de\/index.php?rest_route=%2Fwp%2Fv2%2Fcategories&post=160266"},{"taxonomy":"post_tag","embeddable":true,"href":"https:\/\/www.fuldaernachrichten.de\/index.php?rest_route=%2Fwp%2Fv2%2Ftags&post=160266"}],"curies":[{"name":"wp","href":"https:\/\/api.w.org\/{rel}","templated":true}]}}