{"id":160262,"date":"2017-02-15T20:36:32","date_gmt":"2017-02-15T19:36:32","guid":{"rendered":"http:\/\/www.fuldaer-nachrichten.de\/?p=160262"},"modified":"2017-02-15T20:36:32","modified_gmt":"2017-02-15T19:36:32","slug":"haltungsschule-fuer-erwachsene-und-jugendliche-ab-14-jahre","status":"publish","type":"post","link":"https:\/\/www.fuldaernachrichten.de\/?p=160262","title":{"rendered":"Haltungsschule f\u00fcr Erwachsene und Jugendliche ab 14 Jahre"},"content":{"rendered":"<p>Ein Kurs der Volkshochschule beginnt am Samstag, den 04.03.2017, 15.00-18.00 Uhr in Lauterbach, vhs, Am Eichberg 5, Raum 03.<\/p>\n<p>In diesem Kurs finden wir Anhand von einfachen Anleitungen heraus, wie wir beim Gehen, Stehen und Sitzen im Alltag eine gesunde K\u00f6rperspannung aufbauen, die besonders unsere Lenden- und Halswirbels\u00e4ule st\u00e4rkt und uns ganz nebenbei mehr Energie und Ausstrahlung schenkt. Die einw\u00f6chige Pause zwischen den beiden Terminen dient dazu, das neu Erlernte im Alltag auszuprobieren. Im zweiten Termin tauschen wir Erfahrungen aus und wiederholen die \u00dcbungen, bis das Erlernte verinnerlicht ist.<\/p>\n<p>Weitere Informationen und Anmeldungen bei der Volkshochschule, Im Klaggarten 6, 36304 Alsfeld, Tel.: 06631\/792-7820, www.vhs-vogelsberg.de<\/p>\n","protected":false},"excerpt":{"rendered":"<div class=\"tmnf_excerpt\"><p>Ein Kurs der Volkshochschule beginnt am Samstag, den 04.03.2017, 15.00-18.00 Uhr in Lauterbach, vhs, Am Eichberg 5, Raum 03. In diesem Kurs finden wir Anhand von einfachen Anleitungen heraus, wie wir beim Gehen, Stehen und Sitzen im Alltag eine gesunde K\u00f6rperspannung aufbauen, die besonders unsere Lenden- und Halswirbels\u00e4ule st\u00e4rkt und uns ganz nebenbei mehr Energie &hellip;<\/p>\n<\/div>","protected":false},"author":1,"featured_media":0,"comment_status":"closed","ping_status":"closed","sticky":false,"template":"","format":"standard","meta":{"footnotes":""},"categories":[1],"tags":[],"class_list":["post-160262","post","type-post","status-publish","format-standard","hentry","category-startseite"],"_links":{"self":[{"href":"https:\/\/www.fuldaernachrichten.de\/index.php?rest_route=\/wp\/v2\/posts\/160262","targetHints":{"allow":["GET"]}}],"collection":[{"href":"https:\/\/www.fuldaernachrichten.de\/index.php?rest_route=\/wp\/v2\/posts"}],"about":[{"href":"https:\/\/www.fuldaernachrichten.de\/index.php?rest_route=\/wp\/v2\/types\/post"}],"author":[{"embeddable":true,"href":"https:\/\/www.fuldaernachrichten.de\/index.php?rest_route=\/wp\/v2\/users\/1"}],"replies":[{"embeddable":true,"href":"https:\/\/www.fuldaernachrichten.de\/index.php?rest_route=%2Fwp%2Fv2%2Fcomments&post=160262"}],"version-history":[{"count":1,"href":"https:\/\/www.fuldaernachrichten.de\/index.php?rest_route=\/wp\/v2\/posts\/160262\/revisions"}],"predecessor-version":[{"id":160267,"href":"https:\/\/www.fuldaernachrichten.de\/index.php?rest_route=\/wp\/v2\/posts\/160262\/revisions\/160267"}],"wp:attachment":[{"href":"https:\/\/www.fuldaernachrichten.de\/index.php?rest_route=%2Fwp%2Fv2%2Fmedia&parent=160262"}],"wp:term":[{"taxonomy":"category","embeddable":true,"href":"https:\/\/www.fuldaernachrichten.de\/index.php?rest_route=%2Fwp%2Fv2%2Fcategories&post=160262"},{"taxonomy":"post_tag","embeddable":true,"href":"https:\/\/www.fuldaernachrichten.de\/index.php?rest_route=%2Fwp%2Fv2%2Ftags&post=160262"}],"curies":[{"name":"wp","href":"https:\/\/api.w.org\/{rel}","templated":true}]}}