{"id":160256,"date":"2017-02-15T20:35:46","date_gmt":"2017-02-15T19:35:46","guid":{"rendered":"http:\/\/www.fuldaer-nachrichten.de\/?p=160256"},"modified":"2017-02-15T20:35:46","modified_gmt":"2017-02-15T19:35:46","slug":"musikalischer-genuss-zum-fruehstueck-sonntagsmatinee-im-klinikum-fulda","status":"publish","type":"post","link":"https:\/\/www.fuldaernachrichten.de\/?p=160256","title":{"rendered":"Musikalischer Genuss zum Fr\u00fchst\u00fcck   Sonntagsmatinee im Klinikum Fulda"},"content":{"rendered":"<p>Live-Musik f\u00fcr Patienten, Angeh\u00f6rige und Besucher am 19.02.2017, von 10.00 bis 12.00 Uhr in der Eingangshalle des Klinikums Fulda: Im Bereich der B\u00e4ckerei Happ pr\u00e4sentiert das Ensemble \u201eTop the Flute\u201c ein unterhaltsames Programm zum leckeren Fr\u00fchst\u00fcck.<\/p>\n<p>Das Querfl\u00f6tenensemble der Musikschule der Stadt Fulda besteht bereits seit 1998 und bringt Querfl\u00f6tisten, die Lust auf gemeinsames Musizieren haben, zusammen. Musiker unterschiedlicher Generationen treffen sich unter der Leitung von Stephanie Vautz alle 14 Tage zur regelm\u00e4\u00dfigen Probe und etwa zweimal j\u00e4hrlich zur intensiven 14-st\u00fcndigen Probenphase am Wochenende. Das Repertoire ist breit gef\u00e4chert: Es reicht von Renaissancemusik \u00fcber Arrangements unterhaltsamer Werke unterschiedlichen Stils bis hin zu zeitgen\u00f6ssischer Originalliteratur. Gerne werden auch gro\u00dfe Alt- und Bassquerfl\u00f6ten oder Piccoli zur Erweiterung des Tonraumes eingesetzt. <\/p>\n<p>F\u00fcr die Sonntagsmatinee am 19.02.2017 haben die Musiker ein abwechslungsreiches Programm zusammengestellt: Auf eine Habanera und eine Barcarole aus dem \u201eS\u00fcdeurop\u00e4ischen Reisebuch\u201c von Jaap de Lange folgen Volkslieder sowie der beliebte Schlager  \u201eLa Paloma\u201c. Anschlie\u00dfend pr\u00e4sentieren die Fl\u00f6tisten Gershwins Evergreen \u201eS\u00e2\u20ac\u2122Wonderful\u201c und die irische Weise \u201eLondonderry Air\u201c. Die Musiker beschlie\u00dfen das Programm mit einer Reihe jiddischer Volkslieder und Ausschnitten aus Bizets ber\u00fchmter Oper \u201eCarmen\u201c.<\/p>\n","protected":false},"excerpt":{"rendered":"<div class=\"tmnf_excerpt\"><p>Live-Musik f\u00fcr Patienten, Angeh\u00f6rige und Besucher am 19.02.2017, von 10.00 bis 12.00 Uhr in der Eingangshalle des Klinikums Fulda: Im Bereich der B\u00e4ckerei Happ pr\u00e4sentiert das Ensemble \u201eTop the Flute\u201c ein unterhaltsames Programm zum leckeren Fr\u00fchst\u00fcck. Das Querfl\u00f6tenensemble der Musikschule der Stadt Fulda besteht bereits seit 1998 und bringt Querfl\u00f6tisten, die Lust auf gemeinsames Musizieren &hellip;<\/p>\n<\/div>","protected":false},"author":1,"featured_media":160260,"comment_status":"closed","ping_status":"closed","sticky":false,"template":"","format":"standard","meta":{"footnotes":""},"categories":[1],"tags":[],"class_list":["post-160256","post","type-post","status-publish","format-standard","has-post-thumbnail","hentry","category-startseite"],"_links":{"self":[{"href":"https:\/\/www.fuldaernachrichten.de\/index.php?rest_route=\/wp\/v2\/posts\/160256","targetHints":{"allow":["GET"]}}],"collection":[{"href":"https:\/\/www.fuldaernachrichten.de\/index.php?rest_route=\/wp\/v2\/posts"}],"about":[{"href":"https:\/\/www.fuldaernachrichten.de\/index.php?rest_route=\/wp\/v2\/types\/post"}],"author":[{"embeddable":true,"href":"https:\/\/www.fuldaernachrichten.de\/index.php?rest_route=\/wp\/v2\/users\/1"}],"replies":[{"embeddable":true,"href":"https:\/\/www.fuldaernachrichten.de\/index.php?rest_route=%2Fwp%2Fv2%2Fcomments&post=160256"}],"version-history":[{"count":1,"href":"https:\/\/www.fuldaernachrichten.de\/index.php?rest_route=\/wp\/v2\/posts\/160256\/revisions"}],"predecessor-version":[{"id":160261,"href":"https:\/\/www.fuldaernachrichten.de\/index.php?rest_route=\/wp\/v2\/posts\/160256\/revisions\/160261"}],"wp:featuredmedia":[{"embeddable":true,"href":"https:\/\/www.fuldaernachrichten.de\/index.php?rest_route=\/wp\/v2\/media\/160260"}],"wp:attachment":[{"href":"https:\/\/www.fuldaernachrichten.de\/index.php?rest_route=%2Fwp%2Fv2%2Fmedia&parent=160256"}],"wp:term":[{"taxonomy":"category","embeddable":true,"href":"https:\/\/www.fuldaernachrichten.de\/index.php?rest_route=%2Fwp%2Fv2%2Fcategories&post=160256"},{"taxonomy":"post_tag","embeddable":true,"href":"https:\/\/www.fuldaernachrichten.de\/index.php?rest_route=%2Fwp%2Fv2%2Ftags&post=160256"}],"curies":[{"name":"wp","href":"https:\/\/api.w.org\/{rel}","templated":true}]}}