{"id":160239,"date":"2017-02-15T08:28:08","date_gmt":"2017-02-15T07:28:08","guid":{"rendered":"http:\/\/www.fuldaer-nachrichten.de\/?p=160239"},"modified":"2017-02-15T08:28:08","modified_gmt":"2017-02-15T07:28:08","slug":"aktion-von-logo-und-red-sports-fit-und-fluessig-ins-jahr-2017","status":"publish","type":"post","link":"https:\/\/www.fuldaernachrichten.de\/?p=160239","title":{"rendered":"Aktion von Logo und red sports \u2013 \u201eFit und fl\u00fcssig ins Jahr 2017\u201c"},"content":{"rendered":"<p>\u201eFit und fl\u00fcssig ins Jahr 2017\u201c \u2013 so lautet das Motto der Aktion der Logo Getr\u00e4nke Fachm\u00e4rkte und von red sports Fulda, die ab sofort l\u00e4uft. Jeder, der bis Ende April bei red sports Mitglied wird, darf die ersten drei Monate alle Angebote des Fitnesscenters gratis nutzen und wird zus\u00e4tzlich jede Woche mit einem Gutschein f\u00fcr eine Kiste Mineralwasser von Logo beschenkt.<br \/>\n\u201eViele haben gute Vors\u00e4tze f\u00fcr das neue Jahr, aber es ist schwer, die auch umzusetzen\u201c, wei\u00df red sports-Studioleiter Marcus Lehmann: \u201eWir m\u00f6chten den Leuten die Chance geben, ihre Vors\u00e4tze in die Tat umzusetzen und unsere Angebote kostenlos zu nutzen.\u201c Die Neumitglieder d\u00fcrfen nicht nur alle Fitnessger\u00e4te benutzen und Kurse besuchen, sondern auch den Wellnessbereich nutzen. Dazu k\u00f6nnen sie auch einen individuellen Trainingsplan zusammengestellt bekommen. \u201eWenn man sich bei dieser Aktion nicht anmeldet, wei\u00df ich auch nicht mehr. Das ist ein echt cooles Angebot\u201c, freut sich Lehmann \u00fcber die Zusammenarbeit mit den Logo Getr\u00e4nkem\u00e4rkten: \u201eIch hoffe, dass das Angebot einen hohen Absatz findet und wir den Kunden von Logo damit den Ansto\u00df daf\u00fcr geben, sich in 2017 gesund und fit zu halten.\u201c Alle Logo-Fachm\u00e4rkte im Landkreis Fulda beteiligen sich an der Aktion. Die red-sports-Neumitglieder bekommen im Zeitraum der drei Gratis-Monate im Fitnesscenter jede Woche einen Gutschein f\u00fcr eine Kiste Topfrisch Mineralwasser geschenkt. Diese Gutscheine sind in einem der Logo-Fachm\u00e4rkte einzul\u00f6sen. Das Start-Angebot gilt bis zum 30. April.<\/p>\n","protected":false},"excerpt":{"rendered":"<div class=\"tmnf_excerpt\"><p>\u201eFit und fl\u00fcssig ins Jahr 2017\u201c \u2013 so lautet das Motto der Aktion der Logo Getr\u00e4nke Fachm\u00e4rkte und von red sports Fulda, die ab sofort l\u00e4uft. Jeder, der bis Ende April bei red sports Mitglied wird, darf die ersten drei Monate alle Angebote des Fitnesscenters gratis nutzen und wird zus\u00e4tzlich jede Woche mit einem Gutschein &hellip;<\/p>\n<\/div>","protected":false},"author":1,"featured_media":0,"comment_status":"closed","ping_status":"closed","sticky":false,"template":"","format":"standard","meta":{"footnotes":""},"categories":[1],"tags":[],"class_list":["post-160239","post","type-post","status-publish","format-standard","hentry","category-startseite"],"_links":{"self":[{"href":"https:\/\/www.fuldaernachrichten.de\/index.php?rest_route=\/wp\/v2\/posts\/160239","targetHints":{"allow":["GET"]}}],"collection":[{"href":"https:\/\/www.fuldaernachrichten.de\/index.php?rest_route=\/wp\/v2\/posts"}],"about":[{"href":"https:\/\/www.fuldaernachrichten.de\/index.php?rest_route=\/wp\/v2\/types\/post"}],"author":[{"embeddable":true,"href":"https:\/\/www.fuldaernachrichten.de\/index.php?rest_route=\/wp\/v2\/users\/1"}],"replies":[{"embeddable":true,"href":"https:\/\/www.fuldaernachrichten.de\/index.php?rest_route=%2Fwp%2Fv2%2Fcomments&post=160239"}],"version-history":[{"count":1,"href":"https:\/\/www.fuldaernachrichten.de\/index.php?rest_route=\/wp\/v2\/posts\/160239\/revisions"}],"predecessor-version":[{"id":160240,"href":"https:\/\/www.fuldaernachrichten.de\/index.php?rest_route=\/wp\/v2\/posts\/160239\/revisions\/160240"}],"wp:attachment":[{"href":"https:\/\/www.fuldaernachrichten.de\/index.php?rest_route=%2Fwp%2Fv2%2Fmedia&parent=160239"}],"wp:term":[{"taxonomy":"category","embeddable":true,"href":"https:\/\/www.fuldaernachrichten.de\/index.php?rest_route=%2Fwp%2Fv2%2Fcategories&post=160239"},{"taxonomy":"post_tag","embeddable":true,"href":"https:\/\/www.fuldaernachrichten.de\/index.php?rest_route=%2Fwp%2Fv2%2Ftags&post=160239"}],"curies":[{"name":"wp","href":"https:\/\/api.w.org\/{rel}","templated":true}]}}