{"id":160238,"date":"2017-02-15T08:30:07","date_gmt":"2017-02-15T07:30:07","guid":{"rendered":"http:\/\/www.fuldaer-nachrichten.de\/?p=160238"},"modified":"2017-02-15T08:30:07","modified_gmt":"2017-02-15T07:30:07","slug":"fuldaer-frauenwoche-vom-04-bis-11-maerz-2017","status":"publish","type":"post","link":"https:\/\/www.fuldaernachrichten.de\/?p=160238","title":{"rendered":"Fuldaer Frauenwoche vom 04. bis 11. M\u00e4rz 2017"},"content":{"rendered":"<p>Rund um den 8. M\u00e4rz, den Internationalen Frauentag, pr\u00e4sentiert das Frauenb\u00fcro der Stadt Fulda in Zusammenarbeit mit einem breiten Frauennetzwerk ein buntes Programm aus Workshops, (Film)Vortr\u00e4gen und Veranstaltungen unter dem Motto \u201eFrauen \u2013 Wege \u2013 Chancen\u201c.<\/p>\n<p>Die Frauenwoche wird am Samstag, den 4. M\u00e4rz, um 11 Uhr im Stadtschloss (F\u00fcrstensaal) bei einem Festvortrag von Prof. Dr. Daphne Hahn mit dem Thema \u201eSelbstbestimmung in der Fremde \u2013 Die Situation von gefl\u00fcchteten Frauen und ihr Recht auf sexuelle und reproduktive Gesundheit\u201c er\u00f6ffnet.<\/p>\n<p>Ein Highlight der diesj\u00e4hrigen Frauenwoche ist ein Vortrag von Thomas Gesterkamp, Journalist und Autor, \u00fcber das Thema \u201eReizwort Gender \u2013 Woher kommt die Aufregung?\u201c am 6. M\u00e4rz um 19 Uhr im IDEAL. Mit der besonderen Situation von gefl\u00fcchteten Frauen besch\u00e4ftigt sich am 8. M\u00e4rz um 18 Uhr im Stadtschloss (Marmorsaal) eine Ausstellung mit anschlie\u00dfendem Vortrag und Diskussion.<\/p>\n<p>Die AG \u201eInternational\u201c l\u00e4dt am 10. M\u00e4rz um 17:30 Uhr zu einem Tanzfest f\u00fcr Frauen in das Oratorium der Adolf-von-Dalberg-Schule ein, an dem Frauen aus verschiedenen L\u00e4ndern die bunte Vielfalt ihrer T\u00e4nze pr\u00e4sentieren und zum Mittanzen einladen.<br \/>\nF\u00fcr M\u00e4dchen wird es unter andrem am 11. M\u00e4rz um 11 Uhr im Kindertreff Zitrone eine Kleidertauschparty getreu dem Motto \u201eSwappen statt Shoppen\u201c geben.<\/p>\n<p>Das aktuelle Programmheft mit weiteren Veranstaltungen ist unter www.fulda.de abrufbar, liegt im B\u00fcrgerb\u00fcro der Stadt Fulda aus oder wird auf Wunsch gerne zugesendet. Weitere Informationen unter frauenbuero@fulda.de oder unter 0661 1021040.<\/p>\n","protected":false},"excerpt":{"rendered":"<div class=\"tmnf_excerpt\"><p>Rund um den 8. M\u00e4rz, den Internationalen Frauentag, pr\u00e4sentiert das Frauenb\u00fcro der Stadt Fulda in Zusammenarbeit mit einem breiten Frauennetzwerk ein buntes Programm aus Workshops, (Film)Vortr\u00e4gen und Veranstaltungen unter dem Motto \u201eFrauen \u2013 Wege \u2013 Chancen\u201c. Die Frauenwoche wird am Samstag, den 4. M\u00e4rz, um 11 Uhr im Stadtschloss (F\u00fcrstensaal) bei einem Festvortrag von Prof. &hellip;<\/p>\n<\/div>","protected":false},"author":1,"featured_media":160247,"comment_status":"closed","ping_status":"closed","sticky":false,"template":"","format":"standard","meta":{"footnotes":""},"categories":[1],"tags":[],"class_list":["post-160238","post","type-post","status-publish","format-standard","has-post-thumbnail","hentry","category-startseite"],"_links":{"self":[{"href":"https:\/\/www.fuldaernachrichten.de\/index.php?rest_route=\/wp\/v2\/posts\/160238","targetHints":{"allow":["GET"]}}],"collection":[{"href":"https:\/\/www.fuldaernachrichten.de\/index.php?rest_route=\/wp\/v2\/posts"}],"about":[{"href":"https:\/\/www.fuldaernachrichten.de\/index.php?rest_route=\/wp\/v2\/types\/post"}],"author":[{"embeddable":true,"href":"https:\/\/www.fuldaernachrichten.de\/index.php?rest_route=\/wp\/v2\/users\/1"}],"replies":[{"embeddable":true,"href":"https:\/\/www.fuldaernachrichten.de\/index.php?rest_route=%2Fwp%2Fv2%2Fcomments&post=160238"}],"version-history":[{"count":1,"href":"https:\/\/www.fuldaernachrichten.de\/index.php?rest_route=\/wp\/v2\/posts\/160238\/revisions"}],"predecessor-version":[{"id":160248,"href":"https:\/\/www.fuldaernachrichten.de\/index.php?rest_route=\/wp\/v2\/posts\/160238\/revisions\/160248"}],"wp:featuredmedia":[{"embeddable":true,"href":"https:\/\/www.fuldaernachrichten.de\/index.php?rest_route=\/wp\/v2\/media\/160247"}],"wp:attachment":[{"href":"https:\/\/www.fuldaernachrichten.de\/index.php?rest_route=%2Fwp%2Fv2%2Fmedia&parent=160238"}],"wp:term":[{"taxonomy":"category","embeddable":true,"href":"https:\/\/www.fuldaernachrichten.de\/index.php?rest_route=%2Fwp%2Fv2%2Fcategories&post=160238"},{"taxonomy":"post_tag","embeddable":true,"href":"https:\/\/www.fuldaernachrichten.de\/index.php?rest_route=%2Fwp%2Fv2%2Ftags&post=160238"}],"curies":[{"name":"wp","href":"https:\/\/api.w.org\/{rel}","templated":true}]}}