{"id":160220,"date":"2017-02-14T08:11:23","date_gmt":"2017-02-14T07:11:23","guid":{"rendered":"http:\/\/www.fuldaer-nachrichten.de\/?p=160220"},"modified":"2017-02-14T08:11:23","modified_gmt":"2017-02-14T07:11:23","slug":"technolit-spendet-arbeitskleidung-fuer-hilfstransport-der-malteser","status":"publish","type":"post","link":"https:\/\/www.fuldaernachrichten.de\/?p=160220","title":{"rendered":"Technolit\u00c2\u00ae spendet Arbeitskleidung f\u00fcr Hilfstransport der Malteser"},"content":{"rendered":"<p><a href=\"http:\/\/www.fuldaer-nachrichten.de\/wp-content\/uploads\/2017\/02\/img_3257.jpg\"><img decoding=\"async\" src=\"http:\/\/www.fuldaer-nachrichten.de\/wp-content\/uploads\/2017\/02\/img_3257-265x177.jpg\" alt=\"\" width=\"265\" height=\"177\" class=\"alignleft size-thumbnail wp-image-160223\" srcset=\"https:\/\/www.fuldaernachrichten.de\/wp-content\/uploads\/2017\/02\/img_3257-265x177.jpg 265w, https:\/\/www.fuldaernachrichten.de\/wp-content\/uploads\/2017\/02\/img_3257-768x512.jpg 768w, https:\/\/www.fuldaernachrichten.de\/wp-content\/uploads\/2017\/02\/img_3257-600x400.jpg 600w, https:\/\/www.fuldaernachrichten.de\/wp-content\/uploads\/2017\/02\/img_3257.jpg 900w\" sizes=\"(max-width: 265px) 100vw, 265px\" \/><\/a>Ein gro\u00dfer Lastkraftwagen der Firma Technolit\u00c2\u00ae brachte die erste Lieferung in diesem Jahr zum  Lager der Malteser in Hattenhof, wo gut erhaltene Kleidung, Bettw\u00e4sche und n\u00fctzliche Dinge f\u00fcr den Alltag gesammelt werden, um im M\u00e4rz zu Bed\u00fcrftigen nach Rum\u00e4nien transportiert zu werden. Der Schwei\u00dffachbetrieb  und  Werkstattexperte mit Sitz in Gro\u00dfenl\u00fcder spendete ganze neun Paletten neuwertiger Textilien aus seinen Lagerbest\u00e4nden. Das freut die Kerzeller Malteser, die seit \u00fcber 25 Jahren Hilfstransporte nach Rum\u00e4nien organisieren. <\/p>\n<p>Der Malteser-Auslandsbeauftragte Georg Hornung half mit, die Paletten vom Laster ins Lager umzupacken. Tatkr\u00e4ftige Unterst\u00fctzung gab es dabei von sechs Technolit\u00c2\u00ae-Auszubildenden, ihrer Betreuerin Katharina Gr\u00f6sch und von Sebastian Retzlaff, dem Leiter Kundenservice und Logistik des osthessischen Vollsortimenters im Bereich der Schwei\u00dftechnik. Retzlaff erkl\u00e4rte, dass es sich bei der Kleidung um Rest- und Einzelposten handelt, die bei der Verkaufsaktion der Auszubildenden im Dezember 2016 nicht ver\u00e4u\u00dfert worden waren. Schon der erstmals durchgef\u00fchrte Lagerverkauf durch die jungen Technoliter fand gro\u00dfen Anklang und war gekr\u00f6nt von einem sozial ausgerichteten Abschluss. Die Auszubildenden durften einen Teil des Erl\u00f6ses in eine gemeinsame Kasse stecken, mit der sie demn\u00e4chst einen Ausflug finanzieren. <\/p>\n<p>Auf der Suche nach weiteren sozialvertr\u00e4glichen Abnehmern f\u00fcr die restliche Kleidung stie\u00df man auf das Auslandsprojekt der Malteser, die seit vielen Jahren Paten- und Partnerschaften mit Rum\u00e4nien unterhalten. So reisen die Kerzeller Malteser seit 1991 j\u00e4hrlich ein- bis zweimal nach Sfantu Gheorghe in der N\u00e4he von Kronstadt in Siebenb\u00fcrgen und helfen der dortigen Stadtgliederung, die sich um kinderreiche Familien und Senioren k\u00fcmmert, die am Rande des Existenzminimums leben. In einer von den Maltesern vor Ort betriebenen Obdachlosenunterkunft k\u00f6nnen die Menschen \u00fcbernachten, sie werden \u00e4rztlich betreut und erhalten bei Bedarf saubere Kleidung. Die Malteser sorgen auch f\u00fcr eine Schule, in der Kinder benachteiligter Minderheiten unterrichtet werden. Bei ihren j\u00e4hrlichen Hilfstransporten \u00fcberzeugen sich die Malteser stets pers\u00f6nlich vor Ort davon, dass die gespendeten Waren auch dort ankommen, wo sie ben\u00f6tigt werden.  In diesem Jahr k\u00f6nnen die Malteser jede Menge Arbeitsanz\u00fcge, Sicherheitsschuhe, T-Shirts, Hemden und Pullover von Technolit\u00c2\u00ae mitnehmen. <\/p>\n<p>Das Lager im Oberl\u00e4ndchen 13 a in Hattenhof \u00f6ffnet ab dem 17. Februar jeden Freitag von 15 bis 18 Uhr seine Pforten f\u00fcr weitere Spenden. Die Hilfsg\u00fcter k\u00f6nnen bis zum 10.  M\u00e4rz abgegeben werden. Gesucht werden noch Bettw\u00e4sche, Schulranzen, \u2013 zubeh\u00f6r und Spielsachen. Mit eingehenden Geldspenden wird der Transport \u00fcber eine Spedition mitfinanziert. Informationen gibt es beim Auslandsbeauftragten Georg Hornung, Telefon 0661\/42666, und beim Ortsbeauftragten Martin Schellenberger, Telefon 06659\/919362.<\/p>\n<p>Das Spendenkonto f\u00fcr die Rum\u00e4nienhilfe: IBAN DE70530601800004173872 , BIC: GENODE51FUL bei der Genossenschaftsbank Rothemann.<\/p>\n","protected":false},"excerpt":{"rendered":"<div class=\"tmnf_excerpt\"><p>Ein gro\u00dfer Lastkraftwagen der Firma Technolit\u00c2\u00ae brachte die erste Lieferung in diesem Jahr zum Lager der Malteser in Hattenhof, wo gut erhaltene Kleidung, Bettw\u00e4sche und n\u00fctzliche Dinge f\u00fcr den Alltag gesammelt werden, um im M\u00e4rz zu Bed\u00fcrftigen nach Rum\u00e4nien transportiert zu werden. Der Schwei\u00dffachbetrieb und Werkstattexperte mit Sitz in Gro\u00dfenl\u00fcder spendete ganze neun Paletten neuwertiger &hellip;<\/p>\n<\/div>","protected":false},"author":1,"featured_media":160224,"comment_status":"closed","ping_status":"closed","sticky":false,"template":"","format":"standard","meta":{"footnotes":""},"categories":[1],"tags":[],"class_list":["post-160220","post","type-post","status-publish","format-standard","has-post-thumbnail","hentry","category-startseite"],"_links":{"self":[{"href":"https:\/\/www.fuldaernachrichten.de\/index.php?rest_route=\/wp\/v2\/posts\/160220","targetHints":{"allow":["GET"]}}],"collection":[{"href":"https:\/\/www.fuldaernachrichten.de\/index.php?rest_route=\/wp\/v2\/posts"}],"about":[{"href":"https:\/\/www.fuldaernachrichten.de\/index.php?rest_route=\/wp\/v2\/types\/post"}],"author":[{"embeddable":true,"href":"https:\/\/www.fuldaernachrichten.de\/index.php?rest_route=\/wp\/v2\/users\/1"}],"replies":[{"embeddable":true,"href":"https:\/\/www.fuldaernachrichten.de\/index.php?rest_route=%2Fwp%2Fv2%2Fcomments&post=160220"}],"version-history":[{"count":1,"href":"https:\/\/www.fuldaernachrichten.de\/index.php?rest_route=\/wp\/v2\/posts\/160220\/revisions"}],"predecessor-version":[{"id":160225,"href":"https:\/\/www.fuldaernachrichten.de\/index.php?rest_route=\/wp\/v2\/posts\/160220\/revisions\/160225"}],"wp:featuredmedia":[{"embeddable":true,"href":"https:\/\/www.fuldaernachrichten.de\/index.php?rest_route=\/wp\/v2\/media\/160224"}],"wp:attachment":[{"href":"https:\/\/www.fuldaernachrichten.de\/index.php?rest_route=%2Fwp%2Fv2%2Fmedia&parent=160220"}],"wp:term":[{"taxonomy":"category","embeddable":true,"href":"https:\/\/www.fuldaernachrichten.de\/index.php?rest_route=%2Fwp%2Fv2%2Fcategories&post=160220"},{"taxonomy":"post_tag","embeddable":true,"href":"https:\/\/www.fuldaernachrichten.de\/index.php?rest_route=%2Fwp%2Fv2%2Ftags&post=160220"}],"curies":[{"name":"wp","href":"https:\/\/api.w.org\/{rel}","templated":true}]}}