{"id":160218,"date":"2017-02-14T08:11:33","date_gmt":"2017-02-14T07:11:33","guid":{"rendered":"http:\/\/www.fuldaer-nachrichten.de\/?p=160218"},"modified":"2017-02-14T08:11:33","modified_gmt":"2017-02-14T07:11:33","slug":"nachmittagsbetreuung-an-grundschulen-im-landkreis-wird-ausgebaut","status":"publish","type":"post","link":"https:\/\/www.fuldaernachrichten.de\/?p=160218","title":{"rendered":"Nachmittagsbetreuung an Grundschulen im Landkreis wird ausgebaut"},"content":{"rendered":"<p>Mit Beginn des kommenden Schuljahres sollen die Grundschulen in Bad Salzschlirf und Gersfeld in das Landesprogramm \u201eganzt\u00e4gig arbeitende Schulen\u201c aufgenommen werden. Der Kreisausschuss bef\u00fcrwortet die Antr\u00e4ge der beiden Schulen in Tr\u00e4gerschaft des Landkreises Fulda an das Hessische Kultusministerium.<\/p>\n<p>An der Bonifatiusschule Bad Salzschlirf findet bislang noch keine Nachmittagsbetreuung statt. Eine Elternumfrage hat einen entsprechenden Bedarf ermittelt. Die erforderliche r\u00e4umliche und s\u00e4chliche Ausstattung ist teilweise gegeben. So werden die vorhandenen Betreuungsr\u00e4ume im Dachgeschoss bereits im Rahmen der Vormittagsbetreuung genutzt. F\u00fcr die R\u00e4ume im Untergeschoss soll das Raum- und Nutzungskonzept \u00fcberarbeitet und angepasst werden. Geplant ist, die dort befindliche Schulk\u00fcche in eine Ausgabek\u00fcche umzubauen sowie den Werkraum zu sanieren und f\u00fcr eine multifunktionale schulische Nutzung vorzusehen. Auch m\u00fcssen im Untergeschoss brandschutztechnische Ma\u00dfnahmen umgesetzt werden. Nach ersten Sch\u00e4tzungen belaufen sich die Kosten auf rund 60.000 Euro.<\/p>\n<p>An der Otto-Lilienthal-Schule Gersfeld bietet bislang der F\u00f6rderverein eine Nachmittagsbetreuung von montags bis freitags jeweils bis 16.30 Uhr an. Daran nehmen rund 30 Kinder teil. Jedoch hat der F\u00f6rderverein angek\u00fcndigt, sich aus dieser Aufgabe zur\u00fcckziehen zu wollen. Ab dem Schuljahr 2017\/18 soll daher ein alternatives Angebot unter Beibehaltung der bisherigen Betreuungszeiten unterbreitet werden. Zudem gibt es an der Rh\u00f6nschule eine Cafeteria mit Mittagessensausgabe, die auch von Sch\u00fclern der anderen Gersfelder Schulen genutzt werden kann. An der Otto-Lilienthal-Schule sind keine zus\u00e4tzlichen Ma\u00dfnahmen notwendig, da die Schule bereits in den Jahren 2014\/15 aufgrund des bestehenden Betreuungsangebots umgestaltet und entsprechend ausgestattet wurde.<\/p>\n","protected":false},"excerpt":{"rendered":"<div class=\"tmnf_excerpt\"><p>Mit Beginn des kommenden Schuljahres sollen die Grundschulen in Bad Salzschlirf und Gersfeld in das Landesprogramm \u201eganzt\u00e4gig arbeitende Schulen\u201c aufgenommen werden. Der Kreisausschuss bef\u00fcrwortet die Antr\u00e4ge der beiden Schulen in Tr\u00e4gerschaft des Landkreises Fulda an das Hessische Kultusministerium. An der Bonifatiusschule Bad Salzschlirf findet bislang noch keine Nachmittagsbetreuung statt. Eine Elternumfrage hat einen entsprechenden Bedarf &hellip;<\/p>\n<\/div>","protected":false},"author":1,"featured_media":0,"comment_status":"closed","ping_status":"closed","sticky":false,"template":"","format":"standard","meta":{"footnotes":""},"categories":[1],"tags":[],"class_list":["post-160218","post","type-post","status-publish","format-standard","hentry","category-startseite"],"_links":{"self":[{"href":"https:\/\/www.fuldaernachrichten.de\/index.php?rest_route=\/wp\/v2\/posts\/160218","targetHints":{"allow":["GET"]}}],"collection":[{"href":"https:\/\/www.fuldaernachrichten.de\/index.php?rest_route=\/wp\/v2\/posts"}],"about":[{"href":"https:\/\/www.fuldaernachrichten.de\/index.php?rest_route=\/wp\/v2\/types\/post"}],"author":[{"embeddable":true,"href":"https:\/\/www.fuldaernachrichten.de\/index.php?rest_route=\/wp\/v2\/users\/1"}],"replies":[{"embeddable":true,"href":"https:\/\/www.fuldaernachrichten.de\/index.php?rest_route=%2Fwp%2Fv2%2Fcomments&post=160218"}],"version-history":[{"count":1,"href":"https:\/\/www.fuldaernachrichten.de\/index.php?rest_route=\/wp\/v2\/posts\/160218\/revisions"}],"predecessor-version":[{"id":160226,"href":"https:\/\/www.fuldaernachrichten.de\/index.php?rest_route=\/wp\/v2\/posts\/160218\/revisions\/160226"}],"wp:attachment":[{"href":"https:\/\/www.fuldaernachrichten.de\/index.php?rest_route=%2Fwp%2Fv2%2Fmedia&parent=160218"}],"wp:term":[{"taxonomy":"category","embeddable":true,"href":"https:\/\/www.fuldaernachrichten.de\/index.php?rest_route=%2Fwp%2Fv2%2Fcategories&post=160218"},{"taxonomy":"post_tag","embeddable":true,"href":"https:\/\/www.fuldaernachrichten.de\/index.php?rest_route=%2Fwp%2Fv2%2Ftags&post=160218"}],"curies":[{"name":"wp","href":"https:\/\/api.w.org\/{rel}","templated":true}]}}