{"id":160210,"date":"2017-02-14T08:09:20","date_gmt":"2017-02-14T07:09:20","guid":{"rendered":"http:\/\/www.fuldaer-nachrichten.de\/?p=160210"},"modified":"2017-02-14T08:09:20","modified_gmt":"2017-02-14T07:09:20","slug":"franziska-kuemmel-wird-patenkind-von-birgit-koempel","status":"publish","type":"post","link":"https:\/\/www.fuldaernachrichten.de\/?p=160210","title":{"rendered":"Franziska K\u00fcmmel wird &#8220;Patenkind&#8221; von Birgit K\u00f6mpel"},"content":{"rendered":"<p>Franziska K\u00fcmmel aus K\u00fcnzell-Dirlos geht als &#8220;Patenkind&#8221; der SPD-Bundestagsabgeordneten Birgit K\u00f6mpel im Sommer dieses Jahres f\u00fcr ein Jahr nach Amerika. &#8220;Als ich ihr die gute Nachricht telefonisch \u00fcberbracht habe, war der Jubel gro\u00df&#8221;, berichtet Birgit K\u00f6mpel. Franziska nimmt am Parlamentarischen Patenschafts-Programm (PPP) teil. Dabei erhalten deutsche und amerikanische Jugendliche Vollstipendien im jeweils anderen Land. W\u00e4hrend ihres Aufenthaltes in den USA leben die Jugendlichen in Gastfamilien und gehen in eine \u00f6rtliche Schule.  Birgit K\u00f6mpel hatte sich um eine Patenschaft des PPP-Programms beworben.<br \/>\nDie 16-J\u00e4hrige besucht das Marianum, tanzt in Dipperz Garde und ist eine sehr talentierte Querfl\u00f6tistin. Lange Zeit hat sie auch erfolgreich Leichtathletik betrieben. &#8220;Jeder hat doch mal den Traum, ins Ausland zu gehen. Ich bin nat\u00fcrlich sehr gl\u00fccklich dar\u00fcber, dass es bei mir geklappt hat&#8221;, berichtet Franziska. Nach einem Vorstellungsgespr\u00e4ch im Wahlkreisb\u00fcro fiel die Entscheidung K\u00f6mpels zugunsten von Franziska.<br \/>\n&#8220;Ich bin mir sicher, dass sie sich in den USA schnell eingew\u00f6hnen wird. Sie ist eine clevere und selbstbewusste junge Frau&#8221;, sagt die SPD-Politikerin. <\/p>\n<p>Wo genau Franziska in den USA leben wird, steht noch nicht fest. &#8220;Ich habe keine besonderen Pr\u00e4ferenzen:  Wenn es geht, dann nicht ganz so weit au\u00dferhalb&#8221;, sagt die 16-J\u00e4hrige.<\/p>\n<p>Franziska K\u00fcmmel ist bereits das f\u00fcnfte Patenkind K\u00f6mpels seit 2013. Adrian Leibold aus Flieden und Sarah Franke aus Rothemann hatten die M\u00f6glichkeit, ein Jahr lang das Leben in den USA kennenzulernen. Shelby Brandy und Andrea Kunza aus den USA waren genau den umgekehrten Weg gegangen. <\/p>\n","protected":false},"excerpt":{"rendered":"<div class=\"tmnf_excerpt\"><p>Franziska K\u00fcmmel aus K\u00fcnzell-Dirlos geht als &#8220;Patenkind&#8221; der SPD-Bundestagsabgeordneten Birgit K\u00f6mpel im Sommer dieses Jahres f\u00fcr ein Jahr nach Amerika. &#8220;Als ich ihr die gute Nachricht telefonisch \u00fcberbracht habe, war der Jubel gro\u00df&#8221;, berichtet Birgit K\u00f6mpel. Franziska nimmt am Parlamentarischen Patenschafts-Programm (PPP) teil. Dabei erhalten deutsche und amerikanische Jugendliche Vollstipendien im jeweils anderen Land. W\u00e4hrend &hellip;<\/p>\n<\/div>","protected":false},"author":1,"featured_media":160215,"comment_status":"closed","ping_status":"closed","sticky":false,"template":"","format":"standard","meta":{"footnotes":""},"categories":[1],"tags":[],"class_list":["post-160210","post","type-post","status-publish","format-standard","has-post-thumbnail","hentry","category-startseite"],"_links":{"self":[{"href":"https:\/\/www.fuldaernachrichten.de\/index.php?rest_route=\/wp\/v2\/posts\/160210","targetHints":{"allow":["GET"]}}],"collection":[{"href":"https:\/\/www.fuldaernachrichten.de\/index.php?rest_route=\/wp\/v2\/posts"}],"about":[{"href":"https:\/\/www.fuldaernachrichten.de\/index.php?rest_route=\/wp\/v2\/types\/post"}],"author":[{"embeddable":true,"href":"https:\/\/www.fuldaernachrichten.de\/index.php?rest_route=\/wp\/v2\/users\/1"}],"replies":[{"embeddable":true,"href":"https:\/\/www.fuldaernachrichten.de\/index.php?rest_route=%2Fwp%2Fv2%2Fcomments&post=160210"}],"version-history":[{"count":1,"href":"https:\/\/www.fuldaernachrichten.de\/index.php?rest_route=\/wp\/v2\/posts\/160210\/revisions"}],"predecessor-version":[{"id":160216,"href":"https:\/\/www.fuldaernachrichten.de\/index.php?rest_route=\/wp\/v2\/posts\/160210\/revisions\/160216"}],"wp:featuredmedia":[{"embeddable":true,"href":"https:\/\/www.fuldaernachrichten.de\/index.php?rest_route=\/wp\/v2\/media\/160215"}],"wp:attachment":[{"href":"https:\/\/www.fuldaernachrichten.de\/index.php?rest_route=%2Fwp%2Fv2%2Fmedia&parent=160210"}],"wp:term":[{"taxonomy":"category","embeddable":true,"href":"https:\/\/www.fuldaernachrichten.de\/index.php?rest_route=%2Fwp%2Fv2%2Fcategories&post=160210"},{"taxonomy":"post_tag","embeddable":true,"href":"https:\/\/www.fuldaernachrichten.de\/index.php?rest_route=%2Fwp%2Fv2%2Ftags&post=160210"}],"curies":[{"name":"wp","href":"https:\/\/api.w.org\/{rel}","templated":true}]}}