{"id":160195,"date":"2017-02-14T08:02:49","date_gmt":"2017-02-14T07:02:49","guid":{"rendered":"http:\/\/www.fuldaer-nachrichten.de\/?p=160195"},"modified":"2017-02-14T08:02:49","modified_gmt":"2017-02-14T07:02:49","slug":"spd-fordert-nachbesserungen-im-kreishaushalt-wohnraum-zentrales-thema","status":"publish","type":"post","link":"https:\/\/www.fuldaernachrichten.de\/?p=160195","title":{"rendered":"SPD fordert Nachbesserungen im Kreishaushalt \u2013 Wohnraum zentrales Thema"},"content":{"rendered":"<p>Bei den anstehenden Haushaltsberatungen des Kreistages in der Sitzung am 20. Februar will die SPD mit vier \u00c4nderungsantr\u00e4gen noch einige Ver\u00e4nderungen im Haushalt des Landkreises f\u00fcr 2017 erreichen. Unter anderem fordert die Fraktion die Einstellung von zus\u00e4tzlichen Mitteln von einer Million Euro im Bereich Wohnungsbauf\u00f6rderung.<\/p>\n<p>\u201eIm Bereich Wohnungsbau gibt es im Landkreis nach wie vor einen gro\u00dfen Nachholbedarf, dem der vorliegende Haushaltsentwurf unserer Ansicht nach \u00fcberhaupt nicht gerecht wird\u201c, begr\u00fcndet SPD-Fraktionsvorsitzender Michael Busold die Forderung nach zus\u00e4tzlichen Mitteln. Der Betrag solle gleichzeitig mit einem Sperrvermerk versehen werden, bis dem Kreistag ein Konzept des Kreisausschusses zur Wohnungsbauf\u00f6rderung vorgelegt wird.<\/p>\n<p>Mit der Wohnproblematik besch\u00e4ftigt sich au\u00dferdem ein weiterer Antrag, der fordert, im Rahmen der Leerstandsf\u00f6rderung die Zuwendungen an Gemeinden von 40.000 auf 400.000 zu erh\u00f6hen. Dass der Planansatz im vergangenen Jahr von den Gemeinden nicht ausgesch\u00f6pft wurde, liegt nach Ansicht der SPD-Fraktion an der bisher mangelnden Attraktivit\u00e4t des Programms. \u201eDer erh\u00f6hte Planansatz wird dazu f\u00fchren, dass ein aus anderen Landkreisen bekanntes Programm \u00e2\u20ac\u0161Jung kauft Alt\u00e2\u20ac\u02dc aufgelegt werden kann. Dieses erm\u00f6glicht insbesondere jungen Familien, sich in den leerstehenden Altbaubestand der Kommune einzukaufen.\u201c<br \/>\nWeiterhin fordert die SPD 30.000 Euro f\u00fcr ein Konzept zur Bedarfs- und Kostenrahmenermittlung eines Parkdecks f\u00fcr Bedienstete und G\u00e4ste des Landratsamtes auf dem Gel\u00e4nde des Kreishauses einzustellen. Die aktuelle Parksituation im Fuldaer Nordend sei f\u00fcr Angestellte sowie f\u00fcr Besucherinnen und Besucher der Verwaltung, aber daraus resultierend auch f\u00fcr die Anwohnerinnen und Anwohner \u00e4u\u00dferst unbefriedigend.<br \/>\nEine Mittelerh\u00f6hung w\u00fcnscht sich die SPD au\u00dferdem im medizinischen Bereich: Die Gesundheitswirtschaft Osthessen e.V. lobt zur Gewinnung von \u00e4rztlichem Nachwuchs Stipendien zur F\u00f6rderung von Medizinstudentinnen und -studenten aus, die gef\u00f6rdert werden, um sich fr\u00fchzeitig f\u00fcr eine \u00e4rztliche T\u00e4tigkeit im Landkreis Fulda zu entscheiden. Bisher k\u00f6nnen zehn Stipendien angeboten werden \u2013 die SPD-Fraktion fordert 20.000 Euro zus\u00e4tzlich. \u201eDie dadurch erm\u00f6glichten zus\u00e4tzlichen vier Stipendien w\u00e4ren ein wichtiger Beitrag, um die medizinischen Strukturen im Landkreis Fulda langfristig zu verbessern\u201c, so Busold, der auf die Annahme aller Antr\u00e4ge durch die Mehrheitsfraktionen im Kreistag hofft.<\/p>\n","protected":false},"excerpt":{"rendered":"<div class=\"tmnf_excerpt\"><p>Bei den anstehenden Haushaltsberatungen des Kreistages in der Sitzung am 20. Februar will die SPD mit vier \u00c4nderungsantr\u00e4gen noch einige Ver\u00e4nderungen im Haushalt des Landkreises f\u00fcr 2017 erreichen. Unter anderem fordert die Fraktion die Einstellung von zus\u00e4tzlichen Mitteln von einer Million Euro im Bereich Wohnungsbauf\u00f6rderung. \u201eIm Bereich Wohnungsbau gibt es im Landkreis nach wie vor &hellip;<\/p>\n<\/div>","protected":false},"author":1,"featured_media":0,"comment_status":"closed","ping_status":"closed","sticky":false,"template":"","format":"standard","meta":{"footnotes":""},"categories":[1],"tags":[],"class_list":["post-160195","post","type-post","status-publish","format-standard","hentry","category-startseite"],"_links":{"self":[{"href":"https:\/\/www.fuldaernachrichten.de\/index.php?rest_route=\/wp\/v2\/posts\/160195","targetHints":{"allow":["GET"]}}],"collection":[{"href":"https:\/\/www.fuldaernachrichten.de\/index.php?rest_route=\/wp\/v2\/posts"}],"about":[{"href":"https:\/\/www.fuldaernachrichten.de\/index.php?rest_route=\/wp\/v2\/types\/post"}],"author":[{"embeddable":true,"href":"https:\/\/www.fuldaernachrichten.de\/index.php?rest_route=\/wp\/v2\/users\/1"}],"replies":[{"embeddable":true,"href":"https:\/\/www.fuldaernachrichten.de\/index.php?rest_route=%2Fwp%2Fv2%2Fcomments&post=160195"}],"version-history":[{"count":1,"href":"https:\/\/www.fuldaernachrichten.de\/index.php?rest_route=\/wp\/v2\/posts\/160195\/revisions"}],"predecessor-version":[{"id":160201,"href":"https:\/\/www.fuldaernachrichten.de\/index.php?rest_route=\/wp\/v2\/posts\/160195\/revisions\/160201"}],"wp:attachment":[{"href":"https:\/\/www.fuldaernachrichten.de\/index.php?rest_route=%2Fwp%2Fv2%2Fmedia&parent=160195"}],"wp:term":[{"taxonomy":"category","embeddable":true,"href":"https:\/\/www.fuldaernachrichten.de\/index.php?rest_route=%2Fwp%2Fv2%2Fcategories&post=160195"},{"taxonomy":"post_tag","embeddable":true,"href":"https:\/\/www.fuldaernachrichten.de\/index.php?rest_route=%2Fwp%2Fv2%2Ftags&post=160195"}],"curies":[{"name":"wp","href":"https:\/\/api.w.org\/{rel}","templated":true}]}}