{"id":160193,"date":"2017-02-14T08:02:37","date_gmt":"2017-02-14T07:02:37","guid":{"rendered":"http:\/\/www.fuldaer-nachrichten.de\/?p=160193"},"modified":"2017-02-14T08:02:37","modified_gmt":"2017-02-14T07:02:37","slug":"caritas-informiert-zum-pflegestaerkungsgesetz","status":"publish","type":"post","link":"https:\/\/www.fuldaernachrichten.de\/?p=160193","title":{"rendered":"Caritas informiert zum Pflegest\u00e4rkungsgesetz"},"content":{"rendered":"<p>In einem fachkundigen Vortrag informierte Angelika Rogowski (M.A.) die zahlreichen Zuh\u00f6rerinnen und Zuh\u00f6rer im Auftrag des Caritasverbandes f\u00fcr die Regionen Fulda und Geisa \u00fcber die Soziale Pflegeversicherung (SGB XI) und das Pflegest\u00e4rkungsgesetz (PSG II). Dabei kamen Informationen zum Begutachtungsverfahren, Leistungen des SGB XI und Hilfsmittel sowie die Neuerung des PSG II nicht zu kurz. Mehr als zehn Jahre habe eine grundlegende Reform der Pflegeversicherung auf sich warten lassen, so die Diplom Pflegewirtin (FH) und P\u00e4dagogin f\u00fcr Pflege- und Gesundheitsberufe in der Caritas Altentagesst\u00e4tte, Am Hexenturm in Fulda. Seit Beginn des neuen Jahres gebe es endlich eine neue und angemessene Definition des Pflegebed\u00fcrftigkeitsbegriffs. Dieser w\u00fcrde alle relevanten Beeintr\u00e4chtigungen f\u00fcr das Leben und die Alltagsbew\u00e4ltigung eines Pflegebed\u00fcrftigen ber\u00fccksichtigen. Dabei w\u00fcrden k\u00f6rperliche, kognitive und psychische Beeintr\u00e4chtigungen bei der Einstufung beurteilt und pflegefachlich angemessen ber\u00fccksichtigt. So gebe es jetzt anstatt der drei Pflegestufen neu f\u00fcnf Pflegegrade. Pflegebed\u00fcrftige, die bereits eine Pflegestufe h\u00e4tten, w\u00fcrden automatisch in die neuen Pflegegrade \u00fcberf\u00fchrt. Dabei w\u00fcrde laut Gesetz der Bestandsschutz garantiert und d\u00fcrfe niemand schlechter gestellt werden. K\u00fcnftig w\u00fcrden anhand von 64 Kriterien, die den Pflegemodulen Mobilit\u00e4t (Gewichtung 10%), kognitive und kommunikative F\u00e4higkeiten, Verhaltensweisen und psychische Problemlagen (2 und 3 zusammen 15 %), Selbstversorgung (40 %), Bew\u00e4ltigung von und selbst\u00e4ndiger Umgang mit krankheits- oder therapiebedingten Anforderungen und Belastungen (20 %) und Gestaltung des Alltagslebens und soziale Kontakte (15 %) zugeordnet w\u00fcrden, der Pflegebedarf ermittelt. Menschen mit eigeschr\u00e4nkter Alltagskompetenz w\u00fcrden besonders gewichtet. Alle Pflegebed\u00fcrftige w\u00fcrden einen Entlastungsbetrag in H\u00f6he von 125 Euro monatlich erhalten, der zweckgebunden sei und beispielsweise f\u00fcr Betreuungsleistungen durch anerkannte Dienste in Anspruch genommen werden k\u00f6nne. Weiterhin informierte die Referentin \u00fcber die H\u00f6he der Geld- und Sachleistungen bei ambulanter und den Leistungsbetrag bei station\u00e4rer Pflege. Eine Verbesserung gibt es auch bei der rentenrechtlichen Ber\u00fccksichtigung pflegender Angeh\u00f6rige. So werden jetzt schon bei 10 Stunden w\u00f6chentlicher Pflege Rentenversicherungsbeitr\u00e4ge gezahlt. Informationen gab es auch zu Fragen der Verhinderungspflege und Kurzzeitpflege (\u00c2\u00a739 und 42 SGB XI). An Bewertungs- und Berechnungsbeispielen erl\u00e4uterte Angelika Rogowski f\u00fcr die Anwesenden nachvollziehbar die neuen gesetzlichen Vorgaben. Interessierte k\u00f6nnen sich f\u00fcr R\u00fcckfragen, Beratung und Unterst\u00fctzung an Frau Angelika Rogowski, Tel. 0661-77855 oder per E \u2013 Mail: a.r.rogowski@gmx.de wenden. Sie f\u00fchrt auch f\u00fcr die Caritas in Zusammenarbeit mit der Barmer GEK kostenlos Kurse zur h\u00e4uslichen Pflege im Einzugsgebiet der f\u00fcnf Caritas \u2013 Sozialstationen in der Region Fulda und Geisa durch. Dabei ist es unerheblich ob man schon Angeh\u00f6rige pflegt oder nicht und welchen Pflegedienst man in Anspruch nimmt.<\/p>\n","protected":false},"excerpt":{"rendered":"<div class=\"tmnf_excerpt\"><p>In einem fachkundigen Vortrag informierte Angelika Rogowski (M.A.) die zahlreichen Zuh\u00f6rerinnen und Zuh\u00f6rer im Auftrag des Caritasverbandes f\u00fcr die Regionen Fulda und Geisa \u00fcber die Soziale Pflegeversicherung (SGB XI) und das Pflegest\u00e4rkungsgesetz (PSG II). Dabei kamen Informationen zum Begutachtungsverfahren, Leistungen des SGB XI und Hilfsmittel sowie die Neuerung des PSG II nicht zu kurz. Mehr &hellip;<\/p>\n<\/div>","protected":false},"author":1,"featured_media":160198,"comment_status":"closed","ping_status":"closed","sticky":false,"template":"","format":"standard","meta":{"footnotes":""},"categories":[1],"tags":[],"class_list":["post-160193","post","type-post","status-publish","format-standard","has-post-thumbnail","hentry","category-startseite"],"_links":{"self":[{"href":"https:\/\/www.fuldaernachrichten.de\/index.php?rest_route=\/wp\/v2\/posts\/160193","targetHints":{"allow":["GET"]}}],"collection":[{"href":"https:\/\/www.fuldaernachrichten.de\/index.php?rest_route=\/wp\/v2\/posts"}],"about":[{"href":"https:\/\/www.fuldaernachrichten.de\/index.php?rest_route=\/wp\/v2\/types\/post"}],"author":[{"embeddable":true,"href":"https:\/\/www.fuldaernachrichten.de\/index.php?rest_route=\/wp\/v2\/users\/1"}],"replies":[{"embeddable":true,"href":"https:\/\/www.fuldaernachrichten.de\/index.php?rest_route=%2Fwp%2Fv2%2Fcomments&post=160193"}],"version-history":[{"count":1,"href":"https:\/\/www.fuldaernachrichten.de\/index.php?rest_route=\/wp\/v2\/posts\/160193\/revisions"}],"predecessor-version":[{"id":160199,"href":"https:\/\/www.fuldaernachrichten.de\/index.php?rest_route=\/wp\/v2\/posts\/160193\/revisions\/160199"}],"wp:featuredmedia":[{"embeddable":true,"href":"https:\/\/www.fuldaernachrichten.de\/index.php?rest_route=\/wp\/v2\/media\/160198"}],"wp:attachment":[{"href":"https:\/\/www.fuldaernachrichten.de\/index.php?rest_route=%2Fwp%2Fv2%2Fmedia&parent=160193"}],"wp:term":[{"taxonomy":"category","embeddable":true,"href":"https:\/\/www.fuldaernachrichten.de\/index.php?rest_route=%2Fwp%2Fv2%2Fcategories&post=160193"},{"taxonomy":"post_tag","embeddable":true,"href":"https:\/\/www.fuldaernachrichten.de\/index.php?rest_route=%2Fwp%2Fv2%2Ftags&post=160193"}],"curies":[{"name":"wp","href":"https:\/\/api.w.org\/{rel}","templated":true}]}}