{"id":160187,"date":"2017-02-14T08:01:32","date_gmt":"2017-02-14T07:01:32","guid":{"rendered":"http:\/\/www.fuldaer-nachrichten.de\/?p=160187"},"modified":"2017-02-14T08:01:32","modified_gmt":"2017-02-14T07:01:32","slug":"unterbringungsvertrag-fuer-gemeinschaftsunterkunft-in-gersfeld-gekuendigt","status":"publish","type":"post","link":"https:\/\/www.fuldaernachrichten.de\/?p=160187","title":{"rendered":"Unterbringungsvertrag f\u00fcr Gemeinschaftsunterkunft in Gersfeld gek\u00fcndigt"},"content":{"rendered":"<p>Der Landkreis Fulda hat mit sofortiger Wirkung den Unterbringungsvertrag mit dem Betreiber der Gemeinschaftsunterkunft f\u00fcr Fl\u00fcchtlinge und Asylbewerber in Gersfeld gek\u00fcndigt. Die Bewohner werden auf andere Einrichtungen im Landkreis verteilt.<\/p>\n<p>Wegen gravierender Vorf\u00e4lle und massiver Vertragsverletzungen sei dem Landkreis eine Fortsetzung des Mietvertrags nicht l\u00e4nger zumutbar, hei\u00dft es in einer Pressemitteilung der Kreisverwaltung. Zudem habe der Vertragspartner keinerlei Anzeichen f\u00fcr eine Verbesserung der gegenw\u00e4rtigen Situation erkennen lassen.<\/p>\n<p>Der Landkreis sei f\u00fcr die ordnungsgem\u00e4\u00dfe Unterbringung der ihm zugewiesenen Menschen verantwortlich. Zu diesem Zweck habe er einen Vertrag mit dem bisherigen Vertragspartner geschlossen, der jedoch immer wieder gegen vertragliche Verpflichtungen versto\u00dfen habe. Ganz offensichtlich werde dieser der von ihm \u00fcbernommenen Verantwortung nicht gerecht. Deshalb war der Landkreis Fulda zum Handeln gezwungen.<\/p>\n<p>Der Landkreis Fulda pr\u00fcft gegenw\u00e4rtig, inwiefern die in Gersfeld bew\u00e4hrte ehrenamtliche Fl\u00fcchtlingsarbeit auch an anderen Standorten fortgesetzt werden kann. Hierzu soll es Gespr\u00e4che mit den ehrenamtlich Engagierten geben.<\/p>\n<p>Bei etwa der H\u00e4lfte der Bewohner, die sich gegenw\u00e4rtig in der Einrichtung befinden, handelt es sich um bereits anerkannte Fl\u00fcchtlinge. Personen mit diesem Status sind nicht mehr dazu verpflichtet, in einer Fl\u00fcchtlingsunterkunft zu wohnen, sondern haben auch die M\u00f6glichkeit, sich auf dem freien Wohnungsmarkt zu orientieren. <\/p>\n","protected":false},"excerpt":{"rendered":"<div class=\"tmnf_excerpt\"><p>Der Landkreis Fulda hat mit sofortiger Wirkung den Unterbringungsvertrag mit dem Betreiber der Gemeinschaftsunterkunft f\u00fcr Fl\u00fcchtlinge und Asylbewerber in Gersfeld gek\u00fcndigt. Die Bewohner werden auf andere Einrichtungen im Landkreis verteilt. Wegen gravierender Vorf\u00e4lle und massiver Vertragsverletzungen sei dem Landkreis eine Fortsetzung des Mietvertrags nicht l\u00e4nger zumutbar, hei\u00dft es in einer Pressemitteilung der Kreisverwaltung. Zudem habe &hellip;<\/p>\n<\/div>","protected":false},"author":1,"featured_media":0,"comment_status":"closed","ping_status":"closed","sticky":false,"template":"","format":"standard","meta":{"footnotes":""},"categories":[1],"tags":[],"class_list":["post-160187","post","type-post","status-publish","format-standard","hentry","category-startseite"],"_links":{"self":[{"href":"https:\/\/www.fuldaernachrichten.de\/index.php?rest_route=\/wp\/v2\/posts\/160187","targetHints":{"allow":["GET"]}}],"collection":[{"href":"https:\/\/www.fuldaernachrichten.de\/index.php?rest_route=\/wp\/v2\/posts"}],"about":[{"href":"https:\/\/www.fuldaernachrichten.de\/index.php?rest_route=\/wp\/v2\/types\/post"}],"author":[{"embeddable":true,"href":"https:\/\/www.fuldaernachrichten.de\/index.php?rest_route=\/wp\/v2\/users\/1"}],"replies":[{"embeddable":true,"href":"https:\/\/www.fuldaernachrichten.de\/index.php?rest_route=%2Fwp%2Fv2%2Fcomments&post=160187"}],"version-history":[{"count":1,"href":"https:\/\/www.fuldaernachrichten.de\/index.php?rest_route=\/wp\/v2\/posts\/160187\/revisions"}],"predecessor-version":[{"id":160196,"href":"https:\/\/www.fuldaernachrichten.de\/index.php?rest_route=\/wp\/v2\/posts\/160187\/revisions\/160196"}],"wp:attachment":[{"href":"https:\/\/www.fuldaernachrichten.de\/index.php?rest_route=%2Fwp%2Fv2%2Fmedia&parent=160187"}],"wp:term":[{"taxonomy":"category","embeddable":true,"href":"https:\/\/www.fuldaernachrichten.de\/index.php?rest_route=%2Fwp%2Fv2%2Fcategories&post=160187"},{"taxonomy":"post_tag","embeddable":true,"href":"https:\/\/www.fuldaernachrichten.de\/index.php?rest_route=%2Fwp%2Fv2%2Ftags&post=160187"}],"curies":[{"name":"wp","href":"https:\/\/api.w.org\/{rel}","templated":true}]}}