{"id":160180,"date":"2017-02-14T08:00:55","date_gmt":"2017-02-14T07:00:55","guid":{"rendered":"http:\/\/www.fuldaer-nachrichten.de\/?p=160180"},"modified":"2017-02-14T08:00:55","modified_gmt":"2017-02-14T07:00:55","slug":"drk-spielmanns-und-fanfarenzug-ru%cc%88ckers-beim-show-highlight-in-dortmund","status":"publish","type":"post","link":"https:\/\/www.fuldaernachrichten.de\/?p=160180","title":{"rendered":"DRK Spielmanns- und Fanfarenzug Ru\u00cc\u02c6ckers beim Show-Highlight in Dortmund"},"content":{"rendered":"<p>Die internationale Musikparade als gr\u00f6\u00dfte Blasmusiktour Europas gastiert allj\u00e4hrlich in den Eventhallen Deutschlands. Auch 2017 waren die Musiker aus dem Su\u00cc\u02c6dkreis Fulda wieder mit am Start und konnten Ihr K\u00f6nnen bei der Auftaktveranstaltung in Dortmund unter Beweis stellen.<\/p>\n<p>Die Westfalenhalle in Dortmund bot hierbei einen wu\u00cc\u02c6rdigen Rahmen fu\u00cc\u02c6r den Beginn der Tournee, denn zahlreiche Gr\u00f6\u00dfen aus dem Musik- und Unterhaltungsbereich traten hier schon auf. Neben den Ru\u00cc\u02c6ckerser Spielleuten waren Milit\u00e4rorchester aus Moldawien, den Niederlanden (Juliana Amersfoort), der Ukraine, Polen, Gro\u00dfbritannien, sowie eine Drumband aus Deutschland mit dabei. Der DRK Spielmanns- und Fanfarenzug Ru\u00cc\u02c6ckers hatte als zweite Band seinen Auftritt und absolvierte diesen mit Bravour. Das Amateurorchester mit Musikern im Alter von 10 bis 70 Jahren zeigte eine exakte und flotte Show, bei der es zahlreiche Figuren auf den Hallenboden zauberte. Zusammen mit der milit\u00e4rischen Uniform und der zackigen Musik gelang ein Auftritt fu\u00cc\u02c6r den die Spielleute viel Applaus und Lob vom Publikum erhielten.<\/p>\n<p>Zum gro\u00dfen Finale mit dem gemeinsamen Einmarsch aller Teilnehmer waren dann nochmals bekannte Melodien von Abba bis hin zum Radetzky-Marsch zu h\u00f6ren.<\/p>\n<p>Insgesamt war es eine sehr gelungene Veranstaltung vor mehr als 3000 Zuschauern und eine tolle Saisoner\u00f6ffnung fu\u00cc\u02c6r die Musiker des DRK Spielmanns- und Fanfarenzug Ru\u00cc\u02c6ckers.<\/p>\n","protected":false},"excerpt":{"rendered":"<div class=\"tmnf_excerpt\"><p>Die internationale Musikparade als gr\u00f6\u00dfte Blasmusiktour Europas gastiert allj\u00e4hrlich in den Eventhallen Deutschlands. Auch 2017 waren die Musiker aus dem Su\u00cc\u02c6dkreis Fulda wieder mit am Start und konnten Ihr K\u00f6nnen bei der Auftaktveranstaltung in Dortmund unter Beweis stellen. Die Westfalenhalle in Dortmund bot hierbei einen wu\u00cc\u02c6rdigen Rahmen fu\u00cc\u02c6r den Beginn der Tournee, denn zahlreiche Gr\u00f6\u00dfen &hellip;<\/p>\n<\/div>","protected":false},"author":1,"featured_media":160190,"comment_status":"closed","ping_status":"closed","sticky":false,"template":"","format":"gallery","meta":{"footnotes":""},"categories":[1],"tags":[],"class_list":["post-160180","post","type-post","status-publish","format-gallery","has-post-thumbnail","hentry","category-startseite","post_format-post-format-gallery"],"_links":{"self":[{"href":"https:\/\/www.fuldaernachrichten.de\/index.php?rest_route=\/wp\/v2\/posts\/160180","targetHints":{"allow":["GET"]}}],"collection":[{"href":"https:\/\/www.fuldaernachrichten.de\/index.php?rest_route=\/wp\/v2\/posts"}],"about":[{"href":"https:\/\/www.fuldaernachrichten.de\/index.php?rest_route=\/wp\/v2\/types\/post"}],"author":[{"embeddable":true,"href":"https:\/\/www.fuldaernachrichten.de\/index.php?rest_route=\/wp\/v2\/users\/1"}],"replies":[{"embeddable":true,"href":"https:\/\/www.fuldaernachrichten.de\/index.php?rest_route=%2Fwp%2Fv2%2Fcomments&post=160180"}],"version-history":[{"count":1,"href":"https:\/\/www.fuldaernachrichten.de\/index.php?rest_route=\/wp\/v2\/posts\/160180\/revisions"}],"predecessor-version":[{"id":160194,"href":"https:\/\/www.fuldaernachrichten.de\/index.php?rest_route=\/wp\/v2\/posts\/160180\/revisions\/160194"}],"wp:featuredmedia":[{"embeddable":true,"href":"https:\/\/www.fuldaernachrichten.de\/index.php?rest_route=\/wp\/v2\/media\/160190"}],"wp:attachment":[{"href":"https:\/\/www.fuldaernachrichten.de\/index.php?rest_route=%2Fwp%2Fv2%2Fmedia&parent=160180"}],"wp:term":[{"taxonomy":"category","embeddable":true,"href":"https:\/\/www.fuldaernachrichten.de\/index.php?rest_route=%2Fwp%2Fv2%2Fcategories&post=160180"},{"taxonomy":"post_tag","embeddable":true,"href":"https:\/\/www.fuldaernachrichten.de\/index.php?rest_route=%2Fwp%2Fv2%2Ftags&post=160180"}],"curies":[{"name":"wp","href":"https:\/\/api.w.org\/{rel}","templated":true}]}}