{"id":160179,"date":"2017-02-14T07:59:54","date_gmt":"2017-02-14T06:59:54","guid":{"rendered":"http:\/\/www.fuldaer-nachrichten.de\/?p=160179"},"modified":"2017-02-14T07:59:54","modified_gmt":"2017-02-14T06:59:54","slug":"neuer-literaturkurs","status":"publish","type":"post","link":"https:\/\/www.fuldaernachrichten.de\/?p=160179","title":{"rendered":"Neuer Literaturkurs"},"content":{"rendered":"<p>An der St\u00e4dtischen Volkshochschule beginnt am Donnerstag, 16. Februar, um 18.30 Uhr ein neuer Literaturkurs unter der Leitung des Germanisten Holger Bischoff. Thematisch geht es in diesem Semester um die \u201eNeue Sachlichkeit\u201c in der Literatur der Weimarer Zeit. Gelesen werden K\u00e4stner, Ringelnatz, Kal\u00e9ko, Tucholsky, Horv\u00e1th und Brecht.<\/p>\n<p>Auskunft und Anmeldung \u00fcber die vhs-Gesch\u00e4ftsstelle, Unterm Hl. Kreuz 1, Telefon 0661\/102-1477 oder -1474.<\/p>\n","protected":false},"excerpt":{"rendered":"<div class=\"tmnf_excerpt\"><p>An der St\u00e4dtischen Volkshochschule beginnt am Donnerstag, 16. Februar, um 18.30 Uhr ein neuer Literaturkurs unter der Leitung des Germanisten Holger Bischoff. Thematisch geht es in diesem Semester um die \u201eNeue Sachlichkeit\u201c in der Literatur der Weimarer Zeit. Gelesen werden K\u00e4stner, Ringelnatz, Kal\u00e9ko, Tucholsky, Horv\u00e1th und Brecht. Auskunft und Anmeldung \u00fcber die vhs-Gesch\u00e4ftsstelle, Unterm Hl. &hellip;<\/p>\n<\/div>","protected":false},"author":1,"featured_media":0,"comment_status":"closed","ping_status":"closed","sticky":false,"template":"","format":"standard","meta":{"footnotes":""},"categories":[1],"tags":[],"class_list":["post-160179","post","type-post","status-publish","format-standard","hentry","category-startseite"],"_links":{"self":[{"href":"https:\/\/www.fuldaernachrichten.de\/index.php?rest_route=\/wp\/v2\/posts\/160179","targetHints":{"allow":["GET"]}}],"collection":[{"href":"https:\/\/www.fuldaernachrichten.de\/index.php?rest_route=\/wp\/v2\/posts"}],"about":[{"href":"https:\/\/www.fuldaernachrichten.de\/index.php?rest_route=\/wp\/v2\/types\/post"}],"author":[{"embeddable":true,"href":"https:\/\/www.fuldaernachrichten.de\/index.php?rest_route=\/wp\/v2\/users\/1"}],"replies":[{"embeddable":true,"href":"https:\/\/www.fuldaernachrichten.de\/index.php?rest_route=%2Fwp%2Fv2%2Fcomments&post=160179"}],"version-history":[{"count":1,"href":"https:\/\/www.fuldaernachrichten.de\/index.php?rest_route=\/wp\/v2\/posts\/160179\/revisions"}],"predecessor-version":[{"id":160188,"href":"https:\/\/www.fuldaernachrichten.de\/index.php?rest_route=\/wp\/v2\/posts\/160179\/revisions\/160188"}],"wp:attachment":[{"href":"https:\/\/www.fuldaernachrichten.de\/index.php?rest_route=%2Fwp%2Fv2%2Fmedia&parent=160179"}],"wp:term":[{"taxonomy":"category","embeddable":true,"href":"https:\/\/www.fuldaernachrichten.de\/index.php?rest_route=%2Fwp%2Fv2%2Fcategories&post=160179"},{"taxonomy":"post_tag","embeddable":true,"href":"https:\/\/www.fuldaernachrichten.de\/index.php?rest_route=%2Fwp%2Fv2%2Ftags&post=160179"}],"curies":[{"name":"wp","href":"https:\/\/api.w.org\/{rel}","templated":true}]}}