{"id":160169,"date":"2017-02-14T07:58:07","date_gmt":"2017-02-14T06:58:07","guid":{"rendered":"http:\/\/www.fuldaer-nachrichten.de\/?p=160169"},"modified":"2017-02-14T07:58:07","modified_gmt":"2017-02-14T06:58:07","slug":"michael-brand-zur-bundespraesidenten-wahl-lob-fuer-lammert-gratulation-und-einladung-an-steinmeier","status":"publish","type":"post","link":"https:\/\/www.fuldaernachrichten.de\/?p=160169","title":{"rendered":"Michael Brand zur Bundespr\u00e4sidenten-Wahl:  Lob f\u00fcr Lammert \u2013 Gratulation und Einladung an Steinmeier"},"content":{"rendered":"<p>\u201eEine Furche f\u00fcr unsere Demokratie hat mit einer gro\u00dfen Rede Norbert Lammert gezogen. Mir hat schon ein wenig das Herz geblutet, dass er nicht kandidiert hat. Er war mein Wunschkandidat, ein unabh\u00e4ngiger Geist mit Ecken und Kanten. Frank-Walter Steinmeier hat eine mutmachende Antrittsrede gehalten. Ich w\u00fcnsche mir einen Pr\u00e4sidenten, der Sorgen ernstnimmt, f\u00fcr unsere Demokratie streitet und Scharfmachern kundig die Stirn bietet. Steinmeier ist ein integrer Mensch, wir haben im Menschenrechtsausschuss gut zusammengearbeitet und bis heute bilden wir beim B\u00fcndnis deutscher Hilfsorganisation \u201eAktion Deutschland hilft\u201c im Kuratorium die Doppelspitze. Ich habe ihm nach der Wahl gratuliert, alle Gute f\u00fcr das h\u00f6chste Amt gew\u00fcnscht und nach Fulda eingeladen &#8211; als aktiver Christ und Mitglied im Pr\u00e4sidium des Evangelischen Kirchentages mit Sitz in Fulda kennt er unsere Region seit Jahren.\u201c<\/p>\n","protected":false},"excerpt":{"rendered":"<div class=\"tmnf_excerpt\"><p>\u201eEine Furche f\u00fcr unsere Demokratie hat mit einer gro\u00dfen Rede Norbert Lammert gezogen. Mir hat schon ein wenig das Herz geblutet, dass er nicht kandidiert hat. Er war mein Wunschkandidat, ein unabh\u00e4ngiger Geist mit Ecken und Kanten. Frank-Walter Steinmeier hat eine mutmachende Antrittsrede gehalten. Ich w\u00fcnsche mir einen Pr\u00e4sidenten, der Sorgen ernstnimmt, f\u00fcr unsere Demokratie &hellip;<\/p>\n<\/div>","protected":false},"author":1,"featured_media":160174,"comment_status":"closed","ping_status":"closed","sticky":false,"template":"","format":"standard","meta":{"footnotes":""},"categories":[1],"tags":[],"class_list":["post-160169","post","type-post","status-publish","format-standard","has-post-thumbnail","hentry","category-startseite"],"_links":{"self":[{"href":"https:\/\/www.fuldaernachrichten.de\/index.php?rest_route=\/wp\/v2\/posts\/160169","targetHints":{"allow":["GET"]}}],"collection":[{"href":"https:\/\/www.fuldaernachrichten.de\/index.php?rest_route=\/wp\/v2\/posts"}],"about":[{"href":"https:\/\/www.fuldaernachrichten.de\/index.php?rest_route=\/wp\/v2\/types\/post"}],"author":[{"embeddable":true,"href":"https:\/\/www.fuldaernachrichten.de\/index.php?rest_route=\/wp\/v2\/users\/1"}],"replies":[{"embeddable":true,"href":"https:\/\/www.fuldaernachrichten.de\/index.php?rest_route=%2Fwp%2Fv2%2Fcomments&post=160169"}],"version-history":[{"count":1,"href":"https:\/\/www.fuldaernachrichten.de\/index.php?rest_route=\/wp\/v2\/posts\/160169\/revisions"}],"predecessor-version":[{"id":160176,"href":"https:\/\/www.fuldaernachrichten.de\/index.php?rest_route=\/wp\/v2\/posts\/160169\/revisions\/160176"}],"wp:featuredmedia":[{"embeddable":true,"href":"https:\/\/www.fuldaernachrichten.de\/index.php?rest_route=\/wp\/v2\/media\/160174"}],"wp:attachment":[{"href":"https:\/\/www.fuldaernachrichten.de\/index.php?rest_route=%2Fwp%2Fv2%2Fmedia&parent=160169"}],"wp:term":[{"taxonomy":"category","embeddable":true,"href":"https:\/\/www.fuldaernachrichten.de\/index.php?rest_route=%2Fwp%2Fv2%2Fcategories&post=160169"},{"taxonomy":"post_tag","embeddable":true,"href":"https:\/\/www.fuldaernachrichten.de\/index.php?rest_route=%2Fwp%2Fv2%2Ftags&post=160169"}],"curies":[{"name":"wp","href":"https:\/\/api.w.org\/{rel}","templated":true}]}}