{"id":160167,"date":"2017-02-14T07:57:24","date_gmt":"2017-02-14T06:57:24","guid":{"rendered":"http:\/\/www.fuldaer-nachrichten.de\/?p=160167"},"modified":"2017-02-14T07:57:24","modified_gmt":"2017-02-14T06:57:24","slug":"karin-meyer-badenhop-neue-kirchenvorsteherin-in-der-kreuzkirche","status":"publish","type":"post","link":"https:\/\/www.fuldaernachrichten.de\/?p=160167","title":{"rendered":"Karin MEYER-BADENHOP neue Kirchenvorsteherin in der Kreuzkirche"},"content":{"rendered":"<p>Nach dem beruflich bedingten Ausscheiden einer Kirchenvorsteherin aus der Kreuzkirche in Fulda zum Ende 2016 haben Pfarrer Stefan B\u00fcrger und der Vorsitzende des Kirchenvorstands Jens Czapek im Gottesdienst ein neues Mitglied in sein Amt eingef\u00fchrt.<\/p>\n<p>Die 43-j\u00e4hrige Grundschullehrerin Karin Meyer-Badenhop lebt mit ihrem Mann und den zwei Kindern in Fulda-Neuenberg. Im Kindergottesdienst und anderen Bereichen engagiert sie sich schon lange in der Kreuzkirchengemeinde. Nach der Ordnung der Evangelischen Kirche von Kurhessen-Waldeck (EKKW) r\u00fcckt sie nach, da sie die n\u00e4chst meisten Stimmen bei der Kirchenvorstandswahl 2013 erhalten hatte.<\/p>\n<p>In seiner Predigt betont Pfarrer B\u00fcrger, dass Kirchenvorstandsarbeit Dienst sei. Dabei kn\u00fcpft er an Worte des Baptistenpastors und B\u00fcrgerrechtlers Martin Luther King an, der einmal gesagt hat: \u201eJeder kann gro\u00dfartig sein, weil jeder dienen kann!\u201c. So mache sich die Gemeinde auch schon lange Gedanken dar\u00fcber, wie sie gro\u00dfartig sein und ihre Ehrenamtlichenkultur mit Wertsch\u00e4tzung, gutem Ein- und Ausstieg und Vernetzung mit der Gemeindeleitung weiterentwickeln k\u00f6nne. Das sei wichtig bei einer wachsenden, jungen Gemeinde, die rund 120 Ehrenamtliche in ihren Diensten habe. \u201eIch bin froh, dass wir in den letzten Monaten neue Ehrenamtliche im Kindergottesdienst, im Besuchsdienst und auch bei den Gemeindebriefaustr\u00e4gern gefunden haben. Bedarf gibt es derzeit noch in der Kindergruppe \u201eJesus-Kids\u201c. Wir suchen hier noch Erwachsene und Jugendliche, die sich ein bis zweimal im Monat mittwochnachmittags f\u00fcr eineinhalb Stunden engagieren m\u00f6chten\u201c, wirbt der Pfarrer.<\/p>\n<p>Nat\u00fcrlich k\u00f6nne nicht jede Arbeit ehrenamtlich geleistet werden, deshalb habe man u.a. einen Jugendreferenten in Kooperation mit dem Kirchenkreis Fulda angestellt, der durch Spenden unter dem Stichwort \u201eZukunft leben\u201c finanziert w\u00fcrde. Derzeit sucht die Gemeinde au\u00dferdem f\u00fcr Reinigungs- und K\u00fcsterdienste Mitarbeiterinnen und Mitarbeit auf 450 \u00e2\u201a\u00ac-Basis oder in Teilzeit. \u201eUm gut Kirche sein zu k\u00f6nnen, Kirchenvorstandsarbeit auch wirklich als Leitungsaufgabe auszuf\u00fchren, m\u00fcssen auch die \u00e4u\u00dferlichen Rahmenbedingungen stimmen. Ansprechende R\u00e4ume und Willkommenskultur werden bei uns gro\u00df geschrieben\u201c, so der Pfarrer. Stellenbeschreibungen finden sich sowohl f\u00fcrs Ehrenamt  als auch f\u00fcr die bezahlten Stellen auf der Homepage der Kreuzkirche.<\/p>\n<p>Gut ger\u00fcstet mit Segen und einer neuen \u201eLutherbibel 2017\u201c wurde die neue Kirchenvorsteherin im an den Gottesdienst anschlie\u00dfenden Stehempfang von den \u00fcbrigen Kirchenvorst\u00e4nden und der Gemeinde willkommen gehei\u00dfen.<\/p>\n","protected":false},"excerpt":{"rendered":"<div class=\"tmnf_excerpt\"><p>Nach dem beruflich bedingten Ausscheiden einer Kirchenvorsteherin aus der Kreuzkirche in Fulda zum Ende 2016 haben Pfarrer Stefan B\u00fcrger und der Vorsitzende des Kirchenvorstands Jens Czapek im Gottesdienst ein neues Mitglied in sein Amt eingef\u00fchrt. Die 43-j\u00e4hrige Grundschullehrerin Karin Meyer-Badenhop lebt mit ihrem Mann und den zwei Kindern in Fulda-Neuenberg. Im Kindergottesdienst und anderen Bereichen &hellip;<\/p>\n<\/div>","protected":false},"author":1,"featured_media":160171,"comment_status":"closed","ping_status":"closed","sticky":false,"template":"","format":"standard","meta":{"footnotes":""},"categories":[1],"tags":[],"class_list":["post-160167","post","type-post","status-publish","format-standard","has-post-thumbnail","hentry","category-startseite"],"_links":{"self":[{"href":"https:\/\/www.fuldaernachrichten.de\/index.php?rest_route=\/wp\/v2\/posts\/160167","targetHints":{"allow":["GET"]}}],"collection":[{"href":"https:\/\/www.fuldaernachrichten.de\/index.php?rest_route=\/wp\/v2\/posts"}],"about":[{"href":"https:\/\/www.fuldaernachrichten.de\/index.php?rest_route=\/wp\/v2\/types\/post"}],"author":[{"embeddable":true,"href":"https:\/\/www.fuldaernachrichten.de\/index.php?rest_route=\/wp\/v2\/users\/1"}],"replies":[{"embeddable":true,"href":"https:\/\/www.fuldaernachrichten.de\/index.php?rest_route=%2Fwp%2Fv2%2Fcomments&post=160167"}],"version-history":[{"count":1,"href":"https:\/\/www.fuldaernachrichten.de\/index.php?rest_route=\/wp\/v2\/posts\/160167\/revisions"}],"predecessor-version":[{"id":160172,"href":"https:\/\/www.fuldaernachrichten.de\/index.php?rest_route=\/wp\/v2\/posts\/160167\/revisions\/160172"}],"wp:featuredmedia":[{"embeddable":true,"href":"https:\/\/www.fuldaernachrichten.de\/index.php?rest_route=\/wp\/v2\/media\/160171"}],"wp:attachment":[{"href":"https:\/\/www.fuldaernachrichten.de\/index.php?rest_route=%2Fwp%2Fv2%2Fmedia&parent=160167"}],"wp:term":[{"taxonomy":"category","embeddable":true,"href":"https:\/\/www.fuldaernachrichten.de\/index.php?rest_route=%2Fwp%2Fv2%2Fcategories&post=160167"},{"taxonomy":"post_tag","embeddable":true,"href":"https:\/\/www.fuldaernachrichten.de\/index.php?rest_route=%2Fwp%2Fv2%2Ftags&post=160167"}],"curies":[{"name":"wp","href":"https:\/\/api.w.org\/{rel}","templated":true}]}}