{"id":160158,"date":"2017-02-14T07:56:19","date_gmt":"2017-02-14T06:56:19","guid":{"rendered":"http:\/\/www.fuldaer-nachrichten.de\/?p=160158"},"modified":"2017-02-14T07:56:19","modified_gmt":"2017-02-14T06:56:19","slug":"%e2%80%8bkreistagsfraktion-stellt-haushaltsantraege-vor","status":"publish","type":"post","link":"https:\/\/www.fuldaernachrichten.de\/?p=160158","title":{"rendered":"\u00e2\u20ac\u2039Kreistagsfraktion stellt Haushaltsantr\u00e4ge vor"},"content":{"rendered":"<p>Februar findet die Haushaltsklausur des Kreistags Fulda statt. Die Kreistagsfraktion von B\u00fcndnis 90\/ Die Gr\u00fcnen schl\u00e4gt dem Kreistag Fulda folgende Antr\u00e4ge zum Haushaltsentwurf des Haushaltsjahres 2017 vor.<\/p>\n<p>Die finanzielle F\u00f6rderung der Bienenzucht im Landkreis Fulda, die ebenfalls durch einen Antrag der gr\u00fcnen Kreistagsfraktion initiiert worden ist, soll erh\u00f6ht werden, da dieses Angebot sehr gut angenommen wird. Hier wird u.a. die Einrichtung von Bienenlehrst\u00e4nden und Anschaffung von Materialien an Schulen des Landkreises Fulda gef\u00f6rdert.<\/p>\n<p>Der Landkreis Fulda m\u00f6ge eine Familienkarte des Landkreises entwerfen. Diese soll alle Familienaktivit\u00e4ten im Kreis im Kreis angebotenen Kinder- und Familienaktivit\u00e4ten darstellen und nach Kategorien geordnet kurz vorstellen.<\/p>\n<p>In einem vorangegangenen Antrag schlug die gr\u00fcne Kreistagsfraktion vor, dass der Landkreis Fulda ein Zielerreichungskonzept entwickelt \u201eEnergieautarke Region Landkreis Fulda\u201c. Um weiter an diesem Thema zu arbeiten, schl\u00e4gt die Kreistagsfraktion vor, alle Stromtarife des Landkreises auf Naturstrom beim regionalen Anbieter Rh\u00f6nenergie umzustellen.<\/p>\n<p>Es soll beim Landratsamt ein Pool an Dolmetscherinnen und Dolmetschern eingerichtet bzw. erweitert werden, auf den auch die Gemeinden und Initiativen der ehrenamtlichen Fl\u00fcchtlingshilfe zugreifen k\u00f6nnen. Die Dolmetscherinnen und Dolmetscher aus diesem Pool sollen angemessene Aufwandsentsch\u00e4digungen nach einheitlichen Kriterien erhalten.<\/p>\n<p>Die Richtlinie des Landkreises zur F\u00f6rderung der Landwirtschaft m\u00f6ge dahin ge\u00e4ndert werden, dass auch Ziegen und Schafe gef\u00f6rdert werden: Dies betrifft gek\u00f6rte B\u00f6cke und Herdbuchtiere, f\u00fcr die nicht durch das &#8220;Hessische Programm f\u00fcr Agrar- und Landschaftspflege-Ma\u00dfnahmen (HALM) in Frage kommt. Dies k\u00e4me auch Haltern mit kleineren Best\u00e4nden zugute.\u00e2\u20ac\u2039<\/p>\n","protected":false},"excerpt":{"rendered":"<div class=\"tmnf_excerpt\"><p>Februar findet die Haushaltsklausur des Kreistags Fulda statt. Die Kreistagsfraktion von B\u00fcndnis 90\/ Die Gr\u00fcnen schl\u00e4gt dem Kreistag Fulda folgende Antr\u00e4ge zum Haushaltsentwurf des Haushaltsjahres 2017 vor. Die finanzielle F\u00f6rderung der Bienenzucht im Landkreis Fulda, die ebenfalls durch einen Antrag der gr\u00fcnen Kreistagsfraktion initiiert worden ist, soll erh\u00f6ht werden, da dieses Angebot sehr gut angenommen &hellip;<\/p>\n<\/div>","protected":false},"author":1,"featured_media":0,"comment_status":"closed","ping_status":"closed","sticky":false,"template":"","format":"standard","meta":{"footnotes":""},"categories":[1],"tags":[],"class_list":["post-160158","post","type-post","status-publish","format-standard","hentry","category-startseite"],"_links":{"self":[{"href":"https:\/\/www.fuldaernachrichten.de\/index.php?rest_route=\/wp\/v2\/posts\/160158","targetHints":{"allow":["GET"]}}],"collection":[{"href":"https:\/\/www.fuldaernachrichten.de\/index.php?rest_route=\/wp\/v2\/posts"}],"about":[{"href":"https:\/\/www.fuldaernachrichten.de\/index.php?rest_route=\/wp\/v2\/types\/post"}],"author":[{"embeddable":true,"href":"https:\/\/www.fuldaernachrichten.de\/index.php?rest_route=\/wp\/v2\/users\/1"}],"replies":[{"embeddable":true,"href":"https:\/\/www.fuldaernachrichten.de\/index.php?rest_route=%2Fwp%2Fv2%2Fcomments&post=160158"}],"version-history":[{"count":1,"href":"https:\/\/www.fuldaernachrichten.de\/index.php?rest_route=\/wp\/v2\/posts\/160158\/revisions"}],"predecessor-version":[{"id":160166,"href":"https:\/\/www.fuldaernachrichten.de\/index.php?rest_route=\/wp\/v2\/posts\/160158\/revisions\/160166"}],"wp:attachment":[{"href":"https:\/\/www.fuldaernachrichten.de\/index.php?rest_route=%2Fwp%2Fv2%2Fmedia&parent=160158"}],"wp:term":[{"taxonomy":"category","embeddable":true,"href":"https:\/\/www.fuldaernachrichten.de\/index.php?rest_route=%2Fwp%2Fv2%2Fcategories&post=160158"},{"taxonomy":"post_tag","embeddable":true,"href":"https:\/\/www.fuldaernachrichten.de\/index.php?rest_route=%2Fwp%2Fv2%2Ftags&post=160158"}],"curies":[{"name":"wp","href":"https:\/\/api.w.org\/{rel}","templated":true}]}}