{"id":160139,"date":"2017-02-14T07:53:40","date_gmt":"2017-02-14T06:53:40","guid":{"rendered":"http:\/\/www.fuldaer-nachrichten.de\/?p=160139"},"modified":"2017-02-14T07:53:40","modified_gmt":"2017-02-14T06:53:40","slug":"buedinger-geschichtsverein-laedt-ein-zum-stammtisch-regional-geschichte-3","status":"publish","type":"post","link":"https:\/\/www.fuldaernachrichten.de\/?p=160139","title":{"rendered":"B\u00fcdinger Geschichtsverein l\u00e4dt ein zum \u201eStammtisch Regional-Geschichte\u201c"},"content":{"rendered":"<p>Der B\u00fcdinger Geschichtsverein l\u00e4dt f\u00fcr den 14. Februar um 19.00 Uhr zum \u201eStammtisch Regional-Geschichte\u201c in die \u201eBleffe\u201c in der B\u00fcdinger Altstadt  ein. An diesem Abend steht die Geschichte der ehemaligen Armstrong-Kaserne im Mittelpunkt. Eingeladen sind Menschen, die Bilder, Texte oder Erinnerungsst\u00fccke an die Stationierung der amerikanischen Besatzung haben oder die berufliche oder private Beziehungen zu Amerikanern hatten.  Dazu sucht der B\u00fcdinger Geschichtsverein Menschen, die ihre eigenen Erinnerungen aufschreiben m\u00f6chten. Diese Beitr\u00e4ge werden in einem umfangreichen Bild- und Textband zur geplanten Ausstellung ver\u00f6ffentlicht. Wer etwas zum Thema beitragen m\u00f6chte ist herzlich eingeladen. Freunde und Bekannte k\u00f6nnen gerne mitgebracht werden. Der B\u00fcdinger Geschichtsverein freut sich auf Ihr Kommen und Ihre Ideen.<\/p>\n","protected":false},"excerpt":{"rendered":"<div class=\"tmnf_excerpt\"><p>Der B\u00fcdinger Geschichtsverein l\u00e4dt f\u00fcr den 14. Februar um 19.00 Uhr zum \u201eStammtisch Regional-Geschichte\u201c in die \u201eBleffe\u201c in der B\u00fcdinger Altstadt ein. An diesem Abend steht die Geschichte der ehemaligen Armstrong-Kaserne im Mittelpunkt. Eingeladen sind Menschen, die Bilder, Texte oder Erinnerungsst\u00fccke an die Stationierung der amerikanischen Besatzung haben oder die berufliche oder private Beziehungen zu &hellip;<\/p>\n<\/div>","protected":false},"author":1,"featured_media":0,"comment_status":"closed","ping_status":"closed","sticky":false,"template":"","format":"standard","meta":{"footnotes":""},"categories":[1],"tags":[],"class_list":["post-160139","post","type-post","status-publish","format-standard","hentry","category-startseite"],"_links":{"self":[{"href":"https:\/\/www.fuldaernachrichten.de\/index.php?rest_route=\/wp\/v2\/posts\/160139","targetHints":{"allow":["GET"]}}],"collection":[{"href":"https:\/\/www.fuldaernachrichten.de\/index.php?rest_route=\/wp\/v2\/posts"}],"about":[{"href":"https:\/\/www.fuldaernachrichten.de\/index.php?rest_route=\/wp\/v2\/types\/post"}],"author":[{"embeddable":true,"href":"https:\/\/www.fuldaernachrichten.de\/index.php?rest_route=\/wp\/v2\/users\/1"}],"replies":[{"embeddable":true,"href":"https:\/\/www.fuldaernachrichten.de\/index.php?rest_route=%2Fwp%2Fv2%2Fcomments&post=160139"}],"version-history":[{"count":1,"href":"https:\/\/www.fuldaernachrichten.de\/index.php?rest_route=\/wp\/v2\/posts\/160139\/revisions"}],"predecessor-version":[{"id":160143,"href":"https:\/\/www.fuldaernachrichten.de\/index.php?rest_route=\/wp\/v2\/posts\/160139\/revisions\/160143"}],"wp:attachment":[{"href":"https:\/\/www.fuldaernachrichten.de\/index.php?rest_route=%2Fwp%2Fv2%2Fmedia&parent=160139"}],"wp:term":[{"taxonomy":"category","embeddable":true,"href":"https:\/\/www.fuldaernachrichten.de\/index.php?rest_route=%2Fwp%2Fv2%2Fcategories&post=160139"},{"taxonomy":"post_tag","embeddable":true,"href":"https:\/\/www.fuldaernachrichten.de\/index.php?rest_route=%2Fwp%2Fv2%2Ftags&post=160139"}],"curies":[{"name":"wp","href":"https:\/\/api.w.org\/{rel}","templated":true}]}}