{"id":160134,"date":"2017-02-11T18:21:21","date_gmt":"2017-02-11T17:21:21","guid":{"rendered":"http:\/\/www.fuldaer-nachrichten.de\/?p=160134"},"modified":"2017-02-11T18:21:21","modified_gmt":"2017-02-11T17:21:21","slug":"wohin-driftet-die-wirtschaft-in-der-eu-vortrag-mit-stefan-schunck-ihk-fulda","status":"publish","type":"post","link":"https:\/\/www.fuldaernachrichten.de\/?p=160134","title":{"rendered":"\u201eWohin driftet die Wirtschaft in der EU?\u201c Vortrag mit Stefan Schunck, IHK Fulda"},"content":{"rendered":"<p>Am Dienstag, den 14. Februar, 18.00 Uhr findet im Bonifatiushaus ein Vortrag mit dem Hauptgesch\u00e4ftsf\u00fchrer der IHK Fulda, Stefan Schunck statt. Stefan Schunck spricht zur Frage nach der Zukunft der Wirtschaft in der Europ\u00e4ischen Union. Die Veranstaltung Teil einer Reihe \u00fcber die Europ\u00e4ische Union, die das Bonifatiushaus in Zusammenarbeit mit dem Deutschen Gewerkschaftsbund veranstaltet. Der Eintritt ist frei. Anmeldungen werden erbeten unter Tel.: 0661\/8398-113 oder per e-mail an info@bonifatiushaus.de.<\/p>\n","protected":false},"excerpt":{"rendered":"<div class=\"tmnf_excerpt\"><p>Am Dienstag, den 14. Februar, 18.00 Uhr findet im Bonifatiushaus ein Vortrag mit dem Hauptgesch\u00e4ftsf\u00fchrer der IHK Fulda, Stefan Schunck statt. Stefan Schunck spricht zur Frage nach der Zukunft der Wirtschaft in der Europ\u00e4ischen Union. Die Veranstaltung Teil einer Reihe \u00fcber die Europ\u00e4ische Union, die das Bonifatiushaus in Zusammenarbeit mit dem Deutschen Gewerkschaftsbund veranstaltet. Der &hellip;<\/p>\n<\/div>","protected":false},"author":1,"featured_media":160136,"comment_status":"closed","ping_status":"closed","sticky":false,"template":"","format":"standard","meta":{"footnotes":""},"categories":[1],"tags":[],"class_list":["post-160134","post","type-post","status-publish","format-standard","has-post-thumbnail","hentry","category-startseite"],"_links":{"self":[{"href":"https:\/\/www.fuldaernachrichten.de\/index.php?rest_route=\/wp\/v2\/posts\/160134","targetHints":{"allow":["GET"]}}],"collection":[{"href":"https:\/\/www.fuldaernachrichten.de\/index.php?rest_route=\/wp\/v2\/posts"}],"about":[{"href":"https:\/\/www.fuldaernachrichten.de\/index.php?rest_route=\/wp\/v2\/types\/post"}],"author":[{"embeddable":true,"href":"https:\/\/www.fuldaernachrichten.de\/index.php?rest_route=\/wp\/v2\/users\/1"}],"replies":[{"embeddable":true,"href":"https:\/\/www.fuldaernachrichten.de\/index.php?rest_route=%2Fwp%2Fv2%2Fcomments&post=160134"}],"version-history":[{"count":1,"href":"https:\/\/www.fuldaernachrichten.de\/index.php?rest_route=\/wp\/v2\/posts\/160134\/revisions"}],"predecessor-version":[{"id":160138,"href":"https:\/\/www.fuldaernachrichten.de\/index.php?rest_route=\/wp\/v2\/posts\/160134\/revisions\/160138"}],"wp:featuredmedia":[{"embeddable":true,"href":"https:\/\/www.fuldaernachrichten.de\/index.php?rest_route=\/wp\/v2\/media\/160136"}],"wp:attachment":[{"href":"https:\/\/www.fuldaernachrichten.de\/index.php?rest_route=%2Fwp%2Fv2%2Fmedia&parent=160134"}],"wp:term":[{"taxonomy":"category","embeddable":true,"href":"https:\/\/www.fuldaernachrichten.de\/index.php?rest_route=%2Fwp%2Fv2%2Fcategories&post=160134"},{"taxonomy":"post_tag","embeddable":true,"href":"https:\/\/www.fuldaernachrichten.de\/index.php?rest_route=%2Fwp%2Fv2%2Ftags&post=160134"}],"curies":[{"name":"wp","href":"https:\/\/api.w.org\/{rel}","templated":true}]}}