{"id":160129,"date":"2017-02-11T18:21:11","date_gmt":"2017-02-11T17:21:11","guid":{"rendered":"http:\/\/www.fuldaer-nachrichten.de\/?p=160129"},"modified":"2017-02-11T18:21:11","modified_gmt":"2017-02-11T17:21:11","slug":"malteser-und-vr-genossenschaftsbank-fulda-eg-kooperieren-beim-schulsanitaetsdienst-in-fulda","status":"publish","type":"post","link":"https:\/\/www.fuldaernachrichten.de\/?p=160129","title":{"rendered":"Malteser und VR Genossenschaftsbank Fulda eG kooperieren beim Schulsanit\u00e4tsdienst in Fulda"},"content":{"rendered":"<p>\u201eHilfe zur Selbsthilfe\u201c, das ist nicht nur der Grundgedanke der VR Genossenschaftsbank, sondern auch ein Aspekt f\u00fcr die Malteser, Schulsanit\u00e4ter auszubilden. In Fulda gibt es daher seit \u00fcber f\u00fcnf Jahren eine fruchtbare und kontinuierliche  Kooperation: die Malteser haben in 13 weiterf\u00fchrenden Schulen im Gesch\u00e4ftsgebiet der Genossenschaftsbank Fulda einen Schulsanit\u00e4tsdienst eingerichtet, die Genossenschaftsbank Fulda unterst\u00fctzt die Ausbildung der Sch\u00fcler durch j\u00e4hrliche Spenden, die sich mittlerweile auf 35 500 \u00e2\u201a\u00ac summiert haben. Das Jubil\u00e4um war Anlass f\u00fcr ein Treffen der Beteiligten.<\/p>\n<p>\u201eDurch die finanzielle Unterst\u00fctzung der Genossenschaftsbank ist es den Maltesern m\u00f6glich, die Schulsanit\u00e4ter in Fuldas Schulen kostenlos auszubilden\u201c, freut sich Brigitta Br\u00e4hler-Fischer, die Referentin f\u00fcr die  Schulsanit\u00e4tsdienste der Malteser. Die gute Zusammenarbeit geht noch weiter: die Malteser bilden auch die Ersthelfer der Genossenschaftsbank aus. Und wenn das Institut einmal eine gr\u00f6\u00dfere Veranstaltung plant, stehen die Malteser mit ihrem Sanit\u00e4tsdienst bereit. F\u00fcr eine weitere Spende der Bank konnte in Kooperation mit den  Maltesern ein automatisierter externer Defibrillator angeschafft werden, der im Eingangsbereich des Hauses in der Bahnhofstra\u00dfe bei einem medizinischen Notfall genutzt werden kann. <\/p>\n<p>\u00dcber die gute Zusammenarbeit zeigten sich neben Malteser-Pr\u00e4sident Dr. Constantin von Brandenstein-Zeppelin auch Thomas S\u00e4lzer, Vorstandsmitglied  der Genossenschaftsbank Fulda, Markus Maase, Leiter Vertriebsmanagement, und sowie Carina Imhof, Teamleiterin Vertriebsmanagement\/Vertriebsunterst\u00fctzung erfreut. Die  Kooperation soll auch in Zukunft fortgef\u00fchrt werden.<\/p>\n<p>Foto: (von links) Der Pr\u00e4sident des Malteser-Hilfsdienstes e.V., Dr. Constantin von Brandenstein-Zeppelin, Malteser-Di\u00f6zesanreferentin f\u00fcr den Schulsanit\u00e4tsdienst, Brigitta Br\u00e4hler-Fischer, Markus Maase, Leiter Vertriebsmanagement, Vorstandsmitglied Thomas S\u00e4lzer und Carina Imhof, Teamleiterin Vertriebsmanagement\/Vertriebsunterst\u00fctzung. <\/p>\n","protected":false},"excerpt":{"rendered":"<div class=\"tmnf_excerpt\"><p>\u201eHilfe zur Selbsthilfe\u201c, das ist nicht nur der Grundgedanke der VR Genossenschaftsbank, sondern auch ein Aspekt f\u00fcr die Malteser, Schulsanit\u00e4ter auszubilden. In Fulda gibt es daher seit \u00fcber f\u00fcnf Jahren eine fruchtbare und kontinuierliche Kooperation: die Malteser haben in 13 weiterf\u00fchrenden Schulen im Gesch\u00e4ftsgebiet der Genossenschaftsbank Fulda einen Schulsanit\u00e4tsdienst eingerichtet, die Genossenschaftsbank Fulda unterst\u00fctzt die &hellip;<\/p>\n<\/div>","protected":false},"author":1,"featured_media":160135,"comment_status":"closed","ping_status":"closed","sticky":false,"template":"","format":"standard","meta":{"footnotes":""},"categories":[1],"tags":[],"class_list":["post-160129","post","type-post","status-publish","format-standard","has-post-thumbnail","hentry","category-startseite"],"_links":{"self":[{"href":"https:\/\/www.fuldaernachrichten.de\/index.php?rest_route=\/wp\/v2\/posts\/160129","targetHints":{"allow":["GET"]}}],"collection":[{"href":"https:\/\/www.fuldaernachrichten.de\/index.php?rest_route=\/wp\/v2\/posts"}],"about":[{"href":"https:\/\/www.fuldaernachrichten.de\/index.php?rest_route=\/wp\/v2\/types\/post"}],"author":[{"embeddable":true,"href":"https:\/\/www.fuldaernachrichten.de\/index.php?rest_route=\/wp\/v2\/users\/1"}],"replies":[{"embeddable":true,"href":"https:\/\/www.fuldaernachrichten.de\/index.php?rest_route=%2Fwp%2Fv2%2Fcomments&post=160129"}],"version-history":[{"count":1,"href":"https:\/\/www.fuldaernachrichten.de\/index.php?rest_route=\/wp\/v2\/posts\/160129\/revisions"}],"predecessor-version":[{"id":160137,"href":"https:\/\/www.fuldaernachrichten.de\/index.php?rest_route=\/wp\/v2\/posts\/160129\/revisions\/160137"}],"wp:featuredmedia":[{"embeddable":true,"href":"https:\/\/www.fuldaernachrichten.de\/index.php?rest_route=\/wp\/v2\/media\/160135"}],"wp:attachment":[{"href":"https:\/\/www.fuldaernachrichten.de\/index.php?rest_route=%2Fwp%2Fv2%2Fmedia&parent=160129"}],"wp:term":[{"taxonomy":"category","embeddable":true,"href":"https:\/\/www.fuldaernachrichten.de\/index.php?rest_route=%2Fwp%2Fv2%2Fcategories&post=160129"},{"taxonomy":"post_tag","embeddable":true,"href":"https:\/\/www.fuldaernachrichten.de\/index.php?rest_route=%2Fwp%2Fv2%2Ftags&post=160129"}],"curies":[{"name":"wp","href":"https:\/\/api.w.org\/{rel}","templated":true}]}}