{"id":160128,"date":"2017-02-11T18:20:04","date_gmt":"2017-02-11T17:20:04","guid":{"rendered":"http:\/\/www.fuldaer-nachrichten.de\/?p=160128"},"modified":"2017-02-11T18:20:04","modified_gmt":"2017-02-11T17:20:04","slug":"lehrstellenboerse-in-der-arbeitsagentur","status":"publish","type":"post","link":"https:\/\/www.fuldaernachrichten.de\/?p=160128","title":{"rendered":"Lehrstellenb\u00f6rse in der Arbeitsagentur"},"content":{"rendered":"<p>Kurz nach Ausgabe der Zwischenzeugnisse wird es f\u00fcr die Sch\u00fclerinnen und Sch\u00fcler der Abgangsklassen h\u00f6chste Zeit, ihre berufliche Zukunft zu planen. Derzeit sind bei der Arbeitsagentur mehr als 1.600 freie Ausbildungsstellen gemeldet. Am Donnerstag, den 16. Februar, wird das Berufsinformations- zentrum (BiZ) von 12:00 bis 17:00 Uhr zum B\u00f6rsenplatz umfunktioniert. Zahlreiche Arbeitgeber aus verschiedenen Branchen werden vor Ort sein. Im Angebot: Lehrstellenangebote von A wie Anlagenmechaniker\/in \u00fcber P wie Produktveredler\/in bis Z wie Zahnmedizinische\/r Fachangestellte\/r. Bedarf an Nachwuchs besteht im Handwerk wie im kaufm\u00e4nnischen Bereich, in der Gastronomie (K\u00f6che\/K\u00f6chinnen, Restaurantfachleute) wie im Verkauf (Fachverk\u00e4ufer\/innen Lebensmittelhandwerk). Auch ausgefallenere Ausbildungsstellen sind noch zu besetzen. So werden zum Beispiel 2 junge Menschen gesucht, die Leichtflugzeugbauer\/innen werden m\u00f6chten, ebenso ein\/e angehende\/r Pferdewirt\/in. F\u00fcr Gymnasiasten und Fachobersch\u00fcler d\u00fcrften die freien Stellen f\u00fcr ein Duales Studium besonders interessant sein.<br \/>\nWer bisher in seinem Wunschberuf noch nichts gefunden hat, der sollte sich bei der Lehrstellenb\u00f6rse \u00fcber die Angebote auf dem Markt informieren, sich gegebenenfalls neu orientieren und nach freien Stellen in artverwandten Berufen suchen. F\u00fcr pers\u00f6nliche Beratungen stehen Berufsberaterinnen und Berufsberater sowie Vermittler des Arbeitgeberservices zur Verf\u00fcgung. <\/p>\n<p>Die B\u00f6rse richtet sich auch an Jugendliche, die bisher noch nicht als Bewerber bei der Berufsberatung gemeldet sind. Eine Anmeldung zur B\u00f6rse ist nicht erforderlich. Bewerbungsunterlagen, das letzte Schulzeugnis sowie Nachweise \u00fcber Praktika oder besondere Kenntnisse sollten mitgebracht werden.<\/p>\n","protected":false},"excerpt":{"rendered":"<div class=\"tmnf_excerpt\"><p>Kurz nach Ausgabe der Zwischenzeugnisse wird es f\u00fcr die Sch\u00fclerinnen und Sch\u00fcler der Abgangsklassen h\u00f6chste Zeit, ihre berufliche Zukunft zu planen. Derzeit sind bei der Arbeitsagentur mehr als 1.600 freie Ausbildungsstellen gemeldet. Am Donnerstag, den 16. Februar, wird das Berufsinformations- zentrum (BiZ) von 12:00 bis 17:00 Uhr zum B\u00f6rsenplatz umfunktioniert. Zahlreiche Arbeitgeber aus verschiedenen Branchen &hellip;<\/p>\n<\/div>","protected":false},"author":1,"featured_media":0,"comment_status":"closed","ping_status":"closed","sticky":false,"template":"","format":"standard","meta":{"footnotes":""},"categories":[1],"tags":[],"class_list":["post-160128","post","type-post","status-publish","format-standard","hentry","category-startseite"],"_links":{"self":[{"href":"https:\/\/www.fuldaernachrichten.de\/index.php?rest_route=\/wp\/v2\/posts\/160128","targetHints":{"allow":["GET"]}}],"collection":[{"href":"https:\/\/www.fuldaernachrichten.de\/index.php?rest_route=\/wp\/v2\/posts"}],"about":[{"href":"https:\/\/www.fuldaernachrichten.de\/index.php?rest_route=\/wp\/v2\/types\/post"}],"author":[{"embeddable":true,"href":"https:\/\/www.fuldaernachrichten.de\/index.php?rest_route=\/wp\/v2\/users\/1"}],"replies":[{"embeddable":true,"href":"https:\/\/www.fuldaernachrichten.de\/index.php?rest_route=%2Fwp%2Fv2%2Fcomments&post=160128"}],"version-history":[{"count":1,"href":"https:\/\/www.fuldaernachrichten.de\/index.php?rest_route=\/wp\/v2\/posts\/160128\/revisions"}],"predecessor-version":[{"id":160133,"href":"https:\/\/www.fuldaernachrichten.de\/index.php?rest_route=\/wp\/v2\/posts\/160128\/revisions\/160133"}],"wp:attachment":[{"href":"https:\/\/www.fuldaernachrichten.de\/index.php?rest_route=%2Fwp%2Fv2%2Fmedia&parent=160128"}],"wp:term":[{"taxonomy":"category","embeddable":true,"href":"https:\/\/www.fuldaernachrichten.de\/index.php?rest_route=%2Fwp%2Fv2%2Fcategories&post=160128"},{"taxonomy":"post_tag","embeddable":true,"href":"https:\/\/www.fuldaernachrichten.de\/index.php?rest_route=%2Fwp%2Fv2%2Ftags&post=160128"}],"curies":[{"name":"wp","href":"https:\/\/api.w.org\/{rel}","templated":true}]}}