{"id":160121,"date":"2017-02-11T18:18:34","date_gmt":"2017-02-11T17:18:34","guid":{"rendered":"http:\/\/www.fuldaer-nachrichten.de\/?p=160121"},"modified":"2017-02-11T18:18:34","modified_gmt":"2017-02-11T17:18:34","slug":"herzau-schmitt-setzt-auf-langjaehrige-zusammenarbeit","status":"publish","type":"post","link":"https:\/\/www.fuldaernachrichten.de\/?p=160121","title":{"rendered":"Herzau + Schmitt setzt auf langj\u00e4hrige Zusammenarbeit"},"content":{"rendered":"<p>Seit einem Jahrzehnt ist Helmut Hintz als Maschinenf\u00fchrer der Laserschneideanlagen bei Herzau + Schmitt in Fulda t\u00e4tig \u2013 jetzt wurde der 56-J\u00e4hrige im Rahmen einer Feierstunde geehrt. \u201eWir sind gl\u00fccklich dar\u00fcber, Sie seit \u00fcber zehn Jahren in unserem Hause zu haben\u201c, dankt Gesch\u00e4ftsf\u00fchrer Markus Schmitt und f\u00fcgte lobend hinzu \u201eIhre Kollegen beschreiben Sie so: \u00e2\u20ac\u0161Auf den kann man sich verlassen!\u00e2\u20ac\u02dc\u201c Der zweifache Familienvater Hintz schloss zun\u00e4chst eine Lehre als Kfz-Mechaniker ab und verpflichtete sich bei der Bundeswehr vier Jahre als Zeitsoldat, bevor er nach einer Umschulung zum Kommunikationselektroniker \u00fcber mehrere Stationen bei Herzau + Schmitt eine Anstellung gefunden hatte. \u201eDie Kollegialit\u00e4t, das Betriebsklima und der Spa\u00df am Arbeitsplatz sind das Wichtigste f\u00fcr mich. Und genau diese Punkte sind hier im Unternehmen erf\u00fcllt.\u201c Hintz ist in seiner Freizeit im Sch\u00fctzenverein und bei der freiwilligen Feuerwehr aktiv. Ebenfalls geehrt wurde Winfried Burkard anl\u00e4sslich der Feierstunde f\u00fcr sein 20j\u00e4hriges Engagement. 1983 hatte der heute 55-J\u00e4hrige seine Ausbildung zum Blechschlosser absolviert und war dann einige Jahre sp\u00e4ter in das Unternehmen Herzau + Schmitt eingetreten. Markus Schmitt lobte seinen Mitarbeiter \u201ef\u00fcr das unersch\u00fctterliche Credo, stets Qualit\u00e4t nach Ma\u00df zu liefern\u201c. Burkard hatte 1998 eine Weiterbildung zum Techniker absolviert und konnte im Anschluss die Position des Abteilungsleiters M\u00f6belbau besetzen. Neben der fachlichen Qualifikation sei der Jubilar durch seine herzliche Art gleicherma\u00dfen beliebt bei Kunden und Kollegen.<\/p>\n","protected":false},"excerpt":{"rendered":"<div class=\"tmnf_excerpt\"><p>Seit einem Jahrzehnt ist Helmut Hintz als Maschinenf\u00fchrer der Laserschneideanlagen bei Herzau + Schmitt in Fulda t\u00e4tig \u2013 jetzt wurde der 56-J\u00e4hrige im Rahmen einer Feierstunde geehrt. \u201eWir sind gl\u00fccklich dar\u00fcber, Sie seit \u00fcber zehn Jahren in unserem Hause zu haben\u201c, dankt Gesch\u00e4ftsf\u00fchrer Markus Schmitt und f\u00fcgte lobend hinzu \u201eIhre Kollegen beschreiben Sie so: \u00e2\u20ac\u0161Auf &hellip;<\/p>\n<\/div>","protected":false},"author":1,"featured_media":160123,"comment_status":"closed","ping_status":"closed","sticky":false,"template":"","format":"standard","meta":{"footnotes":""},"categories":[1],"tags":[],"class_list":["post-160121","post","type-post","status-publish","format-standard","has-post-thumbnail","hentry","category-startseite"],"_links":{"self":[{"href":"https:\/\/www.fuldaernachrichten.de\/index.php?rest_route=\/wp\/v2\/posts\/160121","targetHints":{"allow":["GET"]}}],"collection":[{"href":"https:\/\/www.fuldaernachrichten.de\/index.php?rest_route=\/wp\/v2\/posts"}],"about":[{"href":"https:\/\/www.fuldaernachrichten.de\/index.php?rest_route=\/wp\/v2\/types\/post"}],"author":[{"embeddable":true,"href":"https:\/\/www.fuldaernachrichten.de\/index.php?rest_route=\/wp\/v2\/users\/1"}],"replies":[{"embeddable":true,"href":"https:\/\/www.fuldaernachrichten.de\/index.php?rest_route=%2Fwp%2Fv2%2Fcomments&post=160121"}],"version-history":[{"count":1,"href":"https:\/\/www.fuldaernachrichten.de\/index.php?rest_route=\/wp\/v2\/posts\/160121\/revisions"}],"predecessor-version":[{"id":160126,"href":"https:\/\/www.fuldaernachrichten.de\/index.php?rest_route=\/wp\/v2\/posts\/160121\/revisions\/160126"}],"wp:featuredmedia":[{"embeddable":true,"href":"https:\/\/www.fuldaernachrichten.de\/index.php?rest_route=\/wp\/v2\/media\/160123"}],"wp:attachment":[{"href":"https:\/\/www.fuldaernachrichten.de\/index.php?rest_route=%2Fwp%2Fv2%2Fmedia&parent=160121"}],"wp:term":[{"taxonomy":"category","embeddable":true,"href":"https:\/\/www.fuldaernachrichten.de\/index.php?rest_route=%2Fwp%2Fv2%2Fcategories&post=160121"},{"taxonomy":"post_tag","embeddable":true,"href":"https:\/\/www.fuldaernachrichten.de\/index.php?rest_route=%2Fwp%2Fv2%2Ftags&post=160121"}],"curies":[{"name":"wp","href":"https:\/\/api.w.org\/{rel}","templated":true}]}}