{"id":160119,"date":"2017-02-11T18:18:17","date_gmt":"2017-02-11T17:18:17","guid":{"rendered":"http:\/\/www.fuldaer-nachrichten.de\/?p=160119"},"modified":"2017-02-11T18:18:17","modified_gmt":"2017-02-11T17:18:17","slug":"von-der-schulbank-in-die-stadtverwaltung","status":"publish","type":"post","link":"https:\/\/www.fuldaernachrichten.de\/?p=160119","title":{"rendered":"Von der Schulbank in die Stadtverwaltung"},"content":{"rendered":"<p>Gibt es in der Stadtverwaltung nur verstaubte Akten, dunkle Flure und langweilige Routinet\u00e4tigkeiten? Auf diese und viele weitere Fragen haben sieben Sch\u00fcler der Domschule im Rahmen der Aktion \u201eBerufswahl aktiv\u201c eine Antwort bekommen. Und waren sichtlich \u00fcberrascht von dem Arbeitsalltag der Mitarbeiter der Stadtverwaltung sowie der Vielfalt der dort angebotenen Ausbildungsberufe. <\/p>\n<p>Gemeinsam mit ihrem Arbeitscoach Juliane Kaib waren die jungen Erwachsenen ins Stadtschloss gekommen um sich \u00fcber die Ausbildungs- und Besch\u00e4ftigungsm\u00f6glichkeiten bei der Stadtverwaltung Fulda zu informieren. Im Gespr\u00e4ch mit den Auszubildenden Florian H\u00fcfner und Laura Kl\u00fch, sowie mit Ramona Gies, Ausbildungsleiterin bei der Stadt Fulda, zeigte sich schnell, dass im Stadtschloss eine gro\u00dfe Bandbreite an Berufen ausge\u00fcbt wird. <\/p>\n<p>F\u00fcr die Bepflanzung des Schlossgartens sind beispielsweise die Stadtg\u00e4rtner, Fachrichtung Garten- und Landschaftsbau, zust\u00e4ndig. Die Computer in den Schulen und der Stadtverwaltung werden von den stadteigenen Fachinformatikern f\u00fcr Systemintegration betreut und im B\u00fcrgerb\u00fcro sorgen Verwaltungsfachangestellte f\u00fcr einen reibungslosen Ablauf im B\u00fcrgerservice, wo man neben Personalausweisen und P\u00e4ssen auch Geburtsurkunden, Veranstaltungstickets und vieles mehr erh\u00e4lt. <\/p>\n<p>Informationen aus erster Hand erhielten die Sch\u00fcler von den Auszubildenden der Stadtverwaltung, die bereitwillig einen ausf\u00fchrlichen Einblick in die eigenen Erfahrungen gaben und mit einem selbst gedrehten Film \u00fcber ihre Arbeit berichteten.<\/p>\n<p>Sp\u00e4testens nach dem Film war die Neugierde der Achtkl\u00e4ssler geweckt. Mit gro\u00dfem Interesse nutzen sie die Gelegenheit, in die verschiedenen Aufgabengebiete der Stadtverwaltung hinein zu schnuppern und in den \u00c4mtern ihrer Wahl einem Mitarbeiter \u00fcber die Schulter zu schauen. <\/p>\n<p>\u201eDer Einblick in die Arbeit der Stra\u00dfenverkehrsbeh\u00f6rde war f\u00fcr mich sehr interessant. Ich k\u00f6nnte mir ein Praktikum hier durchaus vorstellen\u201c, zeigt sich Patrico Jakupi mit dem Schnuppertag zufrieden. Auch die IT-Abteilung haben sich einige Sch\u00fcler n\u00e4her angeschaut um sich ein Bild von der Arbeit des Systeminformatikers zu machen. Dass dort sogar die Gelegenheit bestand, gleich selbst mit anzupacken, hat besonderen Eindruck hinterlassen.<\/p>\n<p>Mit vielen Eindr\u00fccken und neuen Ideen f\u00fcr ihre Berufswahl haben die sieben Sch\u00fcler das Stadtschloss verlassen. Dass sie vielleicht zum Arbeiten wiederkommen m\u00f6chten, lag f\u00fcr alle auf der Hand. Ramona Gies gab den Jugendlichen deshalb noch Tipps f\u00fcr eine gelungene Bewerbung sowie ein erfolgreiches Auswahlverfahren mit auf den Weg. <\/p>\n<p>Vielleicht z\u00e4hlt der eine oder andere tats\u00e4chlich schon bald zu den rund 1 000 Mitarbeitern der Stadtverwaltung \u2013 und trifft dort auf Sch\u00fcler der Bardoschule. Diese hatten sich n\u00e4mlich bereits in der Woche zuvor \u00fcber die Ausbildung bei der Stadt und das Bewerbungsverfahren informiert. <\/p>\n<p>Weitere Informationen:<br \/>\nInformationen \u00fcber die Ausbildung bei der Stadtverwaltung Fulda finden Interessierte auf der Homepage www.fulda.de<\/p>\n<p>Bild: Die Sch\u00fcler Giada Bruno, Fahad Malik und Adel Abdallah (stehend, von links nach rechts) bekommen von der Mitarbeiterin Michaela Helmer (sitzend) erkl\u00e4rt, wie man eine Stra\u00dfensperrung errichtet. <\/p>\n","protected":false},"excerpt":{"rendered":"<div class=\"tmnf_excerpt\"><p>Gibt es in der Stadtverwaltung nur verstaubte Akten, dunkle Flure und langweilige Routinet\u00e4tigkeiten? Auf diese und viele weitere Fragen haben sieben Sch\u00fcler der Domschule im Rahmen der Aktion \u201eBerufswahl aktiv\u201c eine Antwort bekommen. Und waren sichtlich \u00fcberrascht von dem Arbeitsalltag der Mitarbeiter der Stadtverwaltung sowie der Vielfalt der dort angebotenen Ausbildungsberufe. Gemeinsam mit ihrem Arbeitscoach &hellip;<\/p>\n<\/div>","protected":false},"author":1,"featured_media":160122,"comment_status":"closed","ping_status":"closed","sticky":false,"template":"","format":"standard","meta":{"footnotes":""},"categories":[1],"tags":[],"class_list":["post-160119","post","type-post","status-publish","format-standard","has-post-thumbnail","hentry","category-startseite"],"_links":{"self":[{"href":"https:\/\/www.fuldaernachrichten.de\/index.php?rest_route=\/wp\/v2\/posts\/160119","targetHints":{"allow":["GET"]}}],"collection":[{"href":"https:\/\/www.fuldaernachrichten.de\/index.php?rest_route=\/wp\/v2\/posts"}],"about":[{"href":"https:\/\/www.fuldaernachrichten.de\/index.php?rest_route=\/wp\/v2\/types\/post"}],"author":[{"embeddable":true,"href":"https:\/\/www.fuldaernachrichten.de\/index.php?rest_route=\/wp\/v2\/users\/1"}],"replies":[{"embeddable":true,"href":"https:\/\/www.fuldaernachrichten.de\/index.php?rest_route=%2Fwp%2Fv2%2Fcomments&post=160119"}],"version-history":[{"count":1,"href":"https:\/\/www.fuldaernachrichten.de\/index.php?rest_route=\/wp\/v2\/posts\/160119\/revisions"}],"predecessor-version":[{"id":160124,"href":"https:\/\/www.fuldaernachrichten.de\/index.php?rest_route=\/wp\/v2\/posts\/160119\/revisions\/160124"}],"wp:featuredmedia":[{"embeddable":true,"href":"https:\/\/www.fuldaernachrichten.de\/index.php?rest_route=\/wp\/v2\/media\/160122"}],"wp:attachment":[{"href":"https:\/\/www.fuldaernachrichten.de\/index.php?rest_route=%2Fwp%2Fv2%2Fmedia&parent=160119"}],"wp:term":[{"taxonomy":"category","embeddable":true,"href":"https:\/\/www.fuldaernachrichten.de\/index.php?rest_route=%2Fwp%2Fv2%2Fcategories&post=160119"},{"taxonomy":"post_tag","embeddable":true,"href":"https:\/\/www.fuldaernachrichten.de\/index.php?rest_route=%2Fwp%2Fv2%2Ftags&post=160119"}],"curies":[{"name":"wp","href":"https:\/\/api.w.org\/{rel}","templated":true}]}}