{"id":160117,"date":"2017-02-11T18:19:48","date_gmt":"2017-02-11T17:19:48","guid":{"rendered":"http:\/\/www.fuldaer-nachrichten.de\/?p=160117"},"modified":"2017-02-11T18:19:48","modified_gmt":"2017-02-11T17:19:48","slug":"projektauftakt-hochschulprojekt-roboland-telepraesenz-systeme-im-haeuslichen-lebens-und-pflegearrangement","status":"publish","type":"post","link":"https:\/\/www.fuldaernachrichten.de\/?p=160117","title":{"rendered":"PROJEKTAUFTAKT Hochschulprojekt RoboLand: Telepr\u00e4senz- Systeme im h\u00e4uslichen Lebens- und Pflegearrangement"},"content":{"rendered":"<p><a href=\"http:\/\/www.fuldaer-nachrichten.de\/wp-content\/uploads\/2017\/02\/ProfBleses_erkl\u00e4rt.jpg\"><img decoding=\"async\" src=\"http:\/\/www.fuldaer-nachrichten.de\/wp-content\/uploads\/2017\/02\/ProfBleses_erkl\u00e4rt-265x177.jpg\" alt=\"\" width=\"265\" height=\"177\" class=\"alignleft size-thumbnail wp-image-160131\" \/><\/a>Walter M\u00fcller aus Romrod wirft einen Blick auf den Kalender: Ja, der Tag stimmt. F\u00fcr heute hat sich seine Tochter Heike aus N\u00fcrnberg zum Kaffeetrinken angesagt. Sie m\u00fcsste jeden Moment kommen. Da klingelt auch schon \u201eDOUBLE\u201c und Herr M\u00fcller dr\u00fcckt auf den gr\u00fcnen Knopf. \u201eHallo Papa, da bin ich\u201c, begr\u00fc\u00dft Heike ihn von einem Bildschirm und rollt zu ihm an den Tisch. Heike kann in N\u00fcrnberg mit ihrem Smartphone \u201eDOUBLE\u201c steuern, ihn durch die Wohnung bewegen. Vater und Tochter unterhalten sich bei einer Tasse Kaffee, Heike kann sehen, dass es ihrem Vater heute gut geht. So oder \u00e4hnlich k\u00f6nnte ein Szenario aussehen, bei dem ein Telepr\u00e4senz-System wie \u201eDOUBLE\u201c im h\u00e4uslichen Umfeld eines \u00e4lteren pflegebed\u00fcrftigen Menschen zum Einsatz kommt.<\/p>\n<p>\u201eRoboLand\u201c hei\u00dft das kooperative Projekt, an dem neben der Hochschule Fulda (Fachbereich Pflege und Gesundheit) auch die Hochschule Bonn-Rhein-Sieg (Fachbereich Informatik) beteiligt ist. Die Projektleitung obliegt Prof. Dr. Helma M. Bleses von der Hochschule Fulda, die im Vogelsbergkreis schon seit 2014 studentische Projekte zum Thema \u201eGutes Leben mit Demenz\u201c durchf\u00fchrt. \u201eBei unserer Forschung geht es um soziale Innovationen f\u00fcr Lebensqualit\u00e4t im Alter. Gef\u00f6rdert wird es vom Bundesministerium f\u00fcr Bildung und Forschung\u201c, erkl\u00e4rt die Professorin, \u201eerstmals soll im h\u00e4uslichen Setting eruiert werden, ob, wie, wozu und mit welchen Resultaten Personen mit Demenz und ihre Angeh\u00f6rigen Telepr\u00e4senz- Roboter in ihrer Lebenswelt annehmen, einsetzen und nutzen.\u201c<\/p>\n<p>Der Einsatz der Telepr\u00e4senz-Robotik soll dabei dem Erhalt der Selbstbestimmung, der Mobilit\u00e4t und sozialer Teilhabe dienen. Dar\u00fcber hinaus soll auch der Frage nachgegangen werden, inwieweit diese Systeme eine Entlastung f\u00fcr pflegende Angeh\u00f6rige darstellen k\u00f6nnen und ob sie einen Beitrag zur effizienten Vernetzung der Gesundheits- und Pflegeversorgung darstellen. \u201eWir haben in der Vergangenheit gut mit der Hochschule Fulda zusammengearbeitet und von den Studienprojekten profitiert. F\u00fcr dieses Projekt haben wir gerne unsere Unterst\u00fctzung als Projektpartner zugesagt und sind gespannt auf den Fortgang\u201c, so Landrat Manfred G\u00f6rig und Gesundheitsdezernent Dr. Jens Mischak zu Beginn der Pr\u00e4sentation.<\/p>\n<p>Vor den Augen von Landrat und Vizelandrat, den Mitarbeiterinnen des Pflegest\u00fctzpunkts, der Kreisseniorenbeauftragen und des Vorsitzenden des Kreisseniorenbeirats sowie Frau Dr. Sigrid Stahl von der Fachstelle Gesundheit und weiteren Mitgliedern der Lenkungsgruppe Gesundheit im Vogelsbergkreis gab es eine Live-Demonstration des Roboters: Professor Dr. Erwin Pra\u00dfler von der Hochschule Bonn-Rhein-Sieg schaltete sich als Gast ein und sprach zu den Anwesenden. Sein Fachbereich Informatik ist innerhalb des Konsortiums f\u00fcr den technischen Bereich zust\u00e4ndig. So handelt \u201eDOUBLE\u201c noch nicht autonom, sondern er wird von einem Menschen gesteuert.<\/p>\n<p>\u201eWas wir auf gar keinen Fall wollen, ist es, Menschen durch Robotik zu ersetzen\u201c, betonte Frau Prof. Bleses, \u201ediese Technik soll nur eine Erg\u00e4nzung und Hilfe sein. Wir wollen untersuchen, welche Arrangements aus Angeh\u00f6rigen, Pflegenden und \u00c4rzten m\u00f6glich sind, wie die Robotik in den Alltag \u00e4lterer Menschen sinnvoll integrierbar ist.\u201c Seit mehreren Jahren arbeiten Bleses und ihr Team zusammen und widmen sich dem Thema Mensch-Maschine-Interaktion. \u201eWir haben keine Ber\u00fchrungs\u00e4ngste beobachtet, da war vielmehr Neugier\u201c, sagt Bleses und erg\u00e4nzt: \u201eWir d\u00fcrfen den \u00e4lteren Menschen dahingehend mehr zutrauen.\u201c<\/p>\n<p>Im n\u00e4chsten Schritt sollen Haushalte oder auch Pflegedienste f\u00fcr einen Praxistest gefunden werden. In den kommenden drei Jahren k\u00f6nnen die Telepr\u00e4senz-Systeme in bis zu 12 Haushalten eingesetzt und  getestet werden.<\/p>\n<p>Informationen und Kontakt: Fachstelle Gesundheitliche Versorgung, Dr. Sigrid Stahl, 06641 977-1717, fachstelle.gesundheit@vogelsbergkreis.de.<\/p>\n","protected":false},"excerpt":{"rendered":"<div class=\"tmnf_excerpt\"><p>Walter M\u00fcller aus Romrod wirft einen Blick auf den Kalender: Ja, der Tag stimmt. F\u00fcr heute hat sich seine Tochter Heike aus N\u00fcrnberg zum Kaffeetrinken angesagt. Sie m\u00fcsste jeden Moment kommen. Da klingelt auch schon \u201eDOUBLE\u201c und Herr M\u00fcller dr\u00fcckt auf den gr\u00fcnen Knopf. \u201eHallo Papa, da bin ich\u201c, begr\u00fc\u00dft Heike ihn von einem Bildschirm &hellip;<\/p>\n<\/div>","protected":false},"author":1,"featured_media":160130,"comment_status":"closed","ping_status":"closed","sticky":false,"template":"","format":"standard","meta":{"footnotes":""},"categories":[1],"tags":[],"class_list":["post-160117","post","type-post","status-publish","format-standard","has-post-thumbnail","hentry","category-startseite"],"_links":{"self":[{"href":"https:\/\/www.fuldaernachrichten.de\/index.php?rest_route=\/wp\/v2\/posts\/160117","targetHints":{"allow":["GET"]}}],"collection":[{"href":"https:\/\/www.fuldaernachrichten.de\/index.php?rest_route=\/wp\/v2\/posts"}],"about":[{"href":"https:\/\/www.fuldaernachrichten.de\/index.php?rest_route=\/wp\/v2\/types\/post"}],"author":[{"embeddable":true,"href":"https:\/\/www.fuldaernachrichten.de\/index.php?rest_route=\/wp\/v2\/users\/1"}],"replies":[{"embeddable":true,"href":"https:\/\/www.fuldaernachrichten.de\/index.php?rest_route=%2Fwp%2Fv2%2Fcomments&post=160117"}],"version-history":[{"count":1,"href":"https:\/\/www.fuldaernachrichten.de\/index.php?rest_route=\/wp\/v2\/posts\/160117\/revisions"}],"predecessor-version":[{"id":160132,"href":"https:\/\/www.fuldaernachrichten.de\/index.php?rest_route=\/wp\/v2\/posts\/160117\/revisions\/160132"}],"wp:featuredmedia":[{"embeddable":true,"href":"https:\/\/www.fuldaernachrichten.de\/index.php?rest_route=\/wp\/v2\/media\/160130"}],"wp:attachment":[{"href":"https:\/\/www.fuldaernachrichten.de\/index.php?rest_route=%2Fwp%2Fv2%2Fmedia&parent=160117"}],"wp:term":[{"taxonomy":"category","embeddable":true,"href":"https:\/\/www.fuldaernachrichten.de\/index.php?rest_route=%2Fwp%2Fv2%2Fcategories&post=160117"},{"taxonomy":"post_tag","embeddable":true,"href":"https:\/\/www.fuldaernachrichten.de\/index.php?rest_route=%2Fwp%2Fv2%2Ftags&post=160117"}],"curies":[{"name":"wp","href":"https:\/\/api.w.org\/{rel}","templated":true}]}}