{"id":160110,"date":"2017-02-11T18:17:02","date_gmt":"2017-02-11T17:17:02","guid":{"rendered":"http:\/\/www.fuldaer-nachrichten.de\/?p=160110"},"modified":"2017-02-11T18:17:02","modified_gmt":"2017-02-11T17:17:02","slug":"rhoener-jugendforum-geht-in-die-zweite-runde","status":"publish","type":"post","link":"https:\/\/www.fuldaernachrichten.de\/?p=160110","title":{"rendered":"Rh\u00f6ner Jugendforum geht in die zweite Runde"},"content":{"rendered":"<p>Anl\u00e4sslich des 2. Jugendforums am 08. M\u00e4rz 2017 werden um 13.00 Uhr in der Rh\u00f6nschule Gersfeld die B\u00fcrgermeister Steffen Korell (Stadt Gersfeld), Manfred Helfrich (Poppenhausen) und Brigitte Kram (Ebersburg), sowie Vertreter aus dem Landkreis Fulda zusammenkommen, um Fragen der Rh\u00f6ner Jugend zu beantworten. In Kooperation mit den Lehrern und Sch\u00fclern der Rh\u00f6nschule und Anne-Frank-Schule in Gersfeld, Harald Vornderau (Jugendbetreuer) und Antje Voll (Regionalmanagerin des Verein Natur- und Lebensraum Rh\u00f6n), soll ein Dialog zwischen Jugend, Politik und Wirtschaft hergestellt werden, um herauszufinden, was jungen Menschen wichtig ist, um in ihrer Heimat, der Rh\u00f6n, zu bleiben.<\/p>\n<p>Die Veranstaltung ist kostenlos und Kinder, Jugendliche und ihre Eltern sind dazu eingeladen, mit den B\u00fcrgermeistern und Landkreisvertretern \u00fcber die hiesige Situation zu diskutieren und Verbesserungsvorschl\u00e4ge oder Anregungen zu geben. Denn was w\u00e4re die Rh\u00f6n ohne die Generation von Morgen \u2013 unsere Jugend.<\/p>\n<p>Veranstalter sind der Verein Natur- und Lebensraum Rh\u00f6n e. V. in Kooperation mit Harald Vonderau (Jugendbetreuer der Stadt Gersfeld), der Rh\u00f6nschule Gersfeld und der Anne-Frank-Schule in Gersfeld.<\/p>\n","protected":false},"excerpt":{"rendered":"<div class=\"tmnf_excerpt\"><p>Anl\u00e4sslich des 2. Jugendforums am 08. M\u00e4rz 2017 werden um 13.00 Uhr in der Rh\u00f6nschule Gersfeld die B\u00fcrgermeister Steffen Korell (Stadt Gersfeld), Manfred Helfrich (Poppenhausen) und Brigitte Kram (Ebersburg), sowie Vertreter aus dem Landkreis Fulda zusammenkommen, um Fragen der Rh\u00f6ner Jugend zu beantworten. In Kooperation mit den Lehrern und Sch\u00fclern der Rh\u00f6nschule und Anne-Frank-Schule in &hellip;<\/p>\n<\/div>","protected":false},"author":1,"featured_media":0,"comment_status":"closed","ping_status":"closed","sticky":false,"template":"","format":"standard","meta":{"footnotes":""},"categories":[1],"tags":[],"class_list":["post-160110","post","type-post","status-publish","format-standard","hentry","category-startseite"],"_links":{"self":[{"href":"https:\/\/www.fuldaernachrichten.de\/index.php?rest_route=\/wp\/v2\/posts\/160110","targetHints":{"allow":["GET"]}}],"collection":[{"href":"https:\/\/www.fuldaernachrichten.de\/index.php?rest_route=\/wp\/v2\/posts"}],"about":[{"href":"https:\/\/www.fuldaernachrichten.de\/index.php?rest_route=\/wp\/v2\/types\/post"}],"author":[{"embeddable":true,"href":"https:\/\/www.fuldaernachrichten.de\/index.php?rest_route=\/wp\/v2\/users\/1"}],"replies":[{"embeddable":true,"href":"https:\/\/www.fuldaernachrichten.de\/index.php?rest_route=%2Fwp%2Fv2%2Fcomments&post=160110"}],"version-history":[{"count":1,"href":"https:\/\/www.fuldaernachrichten.de\/index.php?rest_route=\/wp\/v2\/posts\/160110\/revisions"}],"predecessor-version":[{"id":160114,"href":"https:\/\/www.fuldaernachrichten.de\/index.php?rest_route=\/wp\/v2\/posts\/160110\/revisions\/160114"}],"wp:attachment":[{"href":"https:\/\/www.fuldaernachrichten.de\/index.php?rest_route=%2Fwp%2Fv2%2Fmedia&parent=160110"}],"wp:term":[{"taxonomy":"category","embeddable":true,"href":"https:\/\/www.fuldaernachrichten.de\/index.php?rest_route=%2Fwp%2Fv2%2Fcategories&post=160110"},{"taxonomy":"post_tag","embeddable":true,"href":"https:\/\/www.fuldaernachrichten.de\/index.php?rest_route=%2Fwp%2Fv2%2Ftags&post=160110"}],"curies":[{"name":"wp","href":"https:\/\/api.w.org\/{rel}","templated":true}]}}