{"id":160100,"date":"2017-02-11T18:14:21","date_gmt":"2017-02-11T17:14:21","guid":{"rendered":"http:\/\/www.fuldaer-nachrichten.de\/?p=160100"},"modified":"2017-02-11T18:14:21","modified_gmt":"2017-02-11T17:14:21","slug":"projektleiter-wechsel-beim-rotmilanprojekt","status":"publish","type":"post","link":"https:\/\/www.fuldaernachrichten.de\/?p=160100","title":{"rendered":"Projektleiter-Wechsel beim Rotmilanprojekt"},"content":{"rendered":"<p><a href=\"http:\/\/www.fuldaer-nachrichten.de\/wp-content\/uploads\/2017\/02\/rotmilanprojekt_wechsel-koordinatoren.jpg\"><img decoding=\"async\" src=\"http:\/\/www.fuldaer-nachrichten.de\/wp-content\/uploads\/2017\/02\/rotmilanprojekt_wechsel-koordinatoren-265x180.jpg\" alt=\"\" width=\"265\" height=\"180\" class=\"alignleft size-thumbnail wp-image-160101\" srcset=\"https:\/\/www.fuldaernachrichten.de\/wp-content\/uploads\/2017\/02\/rotmilanprojekt_wechsel-koordinatoren-265x180.jpg 265w, https:\/\/www.fuldaernachrichten.de\/wp-content\/uploads\/2017\/02\/rotmilanprojekt_wechsel-koordinatoren-768x521.jpg 768w, https:\/\/www.fuldaernachrichten.de\/wp-content\/uploads\/2017\/02\/rotmilanprojekt_wechsel-koordinatoren-600x407.jpg 600w, https:\/\/www.fuldaernachrichten.de\/wp-content\/uploads\/2017\/02\/rotmilanprojekt_wechsel-koordinatoren.jpg 900w\" sizes=\"(max-width: 265px) 100vw, 265px\" \/><\/a>Das Rotmilanprojekt der Regionalen Arbeitsgemeinschaft (ARGE) Rh\u00f6n, das von der Hessischen Verwaltungsstelle des Biosph\u00e4renreservats betreut wird, hat seit wenigen Tagen einen neuen Projektleiter. Julian Oymanns folgt Bastian Sauer in diesem wichtigen Amt.<\/p>\n<p>Im Herbst 2014 war das Projekt von der ARGE Rh\u00f6n ins Leben gerufen worden. Bis Ende Januar 2017 betreute Bastian Sauer, der an der Uni G\u00f6ttingen Biologische Diversit\u00e4t und \u00d6kologie studiert und seine Masterarbeit \u00fcber die Nahrungs\u00f6kologie des Rotmilans verfasst hat, das Projekt. Die erste Kartierung von Rotmilanhorsten in der Projektkulisse der ARGE Rh\u00f6n habe ergeben, dass es rund 250 Brutpaare, also mehr als urspr\u00fcnglich angenommen, gebe, sagte Sauer in seinem R\u00fcckblick. Auch habe sich die Zahl der ehrenamtlichen Helfer inzwischen von 80 auf nunmehr 170 erh\u00f6ht. Langfristiges Ziel bleibe es, aus der Rh\u00f6n wieder eine Quell- oder Spenderregion zu machen, um eine weitere Zunahme der Rotmilanpopulation zu erm\u00f6glichen.<\/p>\n<p>Das sieht auch der neue Projektleiter Julian Oymanns, Master in Wildtier\u00f6kologie und Management, so.  \u201eWir hoffen, dass genau auch in der Rh\u00f6n in den n\u00e4chsten Jahren wieder mehr Rotmilanbruterfolge verzeichnet werden k\u00f6nnen.\u201c Auch deshalb sollen in den kommenden Jahren die Kartierung und die Schutzma\u00dfnahmen weiter ausgebaut werden. Zentrales Ziel f\u00fcr die kommenden Jahre ist, gemeinsam mit Landwirten Ma\u00dfnahmen zu ergreifen, die die Nahrungsverf\u00fcgbarkeit f\u00fcr die Rotmilane w\u00e4hrend der Jungenaufzucht verbessern. Mit einer Vielzahl von Ma\u00dfnahmen soll die Population von Rotmilanen in der Rh\u00f6n weiter  gef\u00f6rdert werden. Deshalb hofft Oymanns auch auf  einen weiteren Zuwachs an ehrenamtlichen Helfern.<\/p>\n<p>Die n\u00e4chsten Schulungen f\u00fcr ehrenamtliche Helfer und interessierte Mitb\u00fcrger finden in Bayern am Dienstag, dem 14.02.17  von 18 bis 21 Uhr in der  Umweltbildungsst\u00e4tte \u201eRh\u00f6niversum\u201c, Auweg 1, in 97656 Oberelsbach und am Donnerstag, dem  9.03.17, von 19 bis 22 Uhr voraussichtlich in Oberthulba, in Hessen am Montag, dem  13.02.17,  von 18 bis 21 Uhr im Umweltzentrum Fulda, Johannisstra\u00dfe 44, 36041 Fulda, und in Th\u00fcringen am Freitag, dem  17.02.17, von 18 bis 21 Uhr in der Th\u00fcringischen Verwaltungsstelle des Biosph\u00e4renreservats Rh\u00f6n, Goethestra\u00dfe 1, 36452 Zella\/Rh\u00f6n, statt.<\/p>\n<p>Das Artenhilfsprojekt \u201eRotmilan in der Rh\u00f6n\u201c ist Teil des Bundesprogramms Biologische Vielfalt und der Biodiversit\u00e4tsstrategie der Bundesrepublik Deutschland. Es wird durch das Bundesamt f\u00fcr Naturschutz mit Mitteln des Bundesministeriums f\u00fcr Umwelt, Naturschutz, Bau und Reaktorsicherheit gef\u00f6rdert. F\u00fcr die Gesamtlaufzeit des Projekts von 2014 bis 2020 stehen rund 900 000 Euro zur Verf\u00fcgung. Die Gebietskulisse erstreckt sich mit rund 4 900 Quadratkilometern \u00fcber die Fl\u00e4chen der Landkreise Bad Kissingen, Rh\u00f6n-Grabfeld, Fulda sowie die westlich der Werra gelegenen Teile der Landkreise Schmalkalden-Meiningen und Wartburgkreis.<\/p>\n","protected":false},"excerpt":{"rendered":"<div class=\"tmnf_excerpt\"><p>Das Rotmilanprojekt der Regionalen Arbeitsgemeinschaft (ARGE) Rh\u00f6n, das von der Hessischen Verwaltungsstelle des Biosph\u00e4renreservats betreut wird, hat seit wenigen Tagen einen neuen Projektleiter. Julian Oymanns folgt Bastian Sauer in diesem wichtigen Amt. Im Herbst 2014 war das Projekt von der ARGE Rh\u00f6n ins Leben gerufen worden. Bis Ende Januar 2017 betreute Bastian Sauer, der an &hellip;<\/p>\n<\/div>","protected":false},"author":1,"featured_media":160102,"comment_status":"closed","ping_status":"closed","sticky":false,"template":"","format":"standard","meta":{"footnotes":""},"categories":[1],"tags":[],"class_list":["post-160100","post","type-post","status-publish","format-standard","has-post-thumbnail","hentry","category-startseite"],"_links":{"self":[{"href":"https:\/\/www.fuldaernachrichten.de\/index.php?rest_route=\/wp\/v2\/posts\/160100","targetHints":{"allow":["GET"]}}],"collection":[{"href":"https:\/\/www.fuldaernachrichten.de\/index.php?rest_route=\/wp\/v2\/posts"}],"about":[{"href":"https:\/\/www.fuldaernachrichten.de\/index.php?rest_route=\/wp\/v2\/types\/post"}],"author":[{"embeddable":true,"href":"https:\/\/www.fuldaernachrichten.de\/index.php?rest_route=\/wp\/v2\/users\/1"}],"replies":[{"embeddable":true,"href":"https:\/\/www.fuldaernachrichten.de\/index.php?rest_route=%2Fwp%2Fv2%2Fcomments&post=160100"}],"version-history":[{"count":1,"href":"https:\/\/www.fuldaernachrichten.de\/index.php?rest_route=\/wp\/v2\/posts\/160100\/revisions"}],"predecessor-version":[{"id":160103,"href":"https:\/\/www.fuldaernachrichten.de\/index.php?rest_route=\/wp\/v2\/posts\/160100\/revisions\/160103"}],"wp:featuredmedia":[{"embeddable":true,"href":"https:\/\/www.fuldaernachrichten.de\/index.php?rest_route=\/wp\/v2\/media\/160102"}],"wp:attachment":[{"href":"https:\/\/www.fuldaernachrichten.de\/index.php?rest_route=%2Fwp%2Fv2%2Fmedia&parent=160100"}],"wp:term":[{"taxonomy":"category","embeddable":true,"href":"https:\/\/www.fuldaernachrichten.de\/index.php?rest_route=%2Fwp%2Fv2%2Fcategories&post=160100"},{"taxonomy":"post_tag","embeddable":true,"href":"https:\/\/www.fuldaernachrichten.de\/index.php?rest_route=%2Fwp%2Fv2%2Ftags&post=160100"}],"curies":[{"name":"wp","href":"https:\/\/api.w.org\/{rel}","templated":true}]}}