{"id":160094,"date":"2017-02-11T18:13:04","date_gmt":"2017-02-11T17:13:04","guid":{"rendered":"http:\/\/www.fuldaer-nachrichten.de\/?p=160094"},"modified":"2017-02-11T18:13:04","modified_gmt":"2017-02-11T17:13:04","slug":"unwetterschaeden-und-erweiterung-feuerwehrhaus","status":"publish","type":"post","link":"https:\/\/www.fuldaernachrichten.de\/?p=160094","title":{"rendered":"Unwettersch\u00e4den und Erweiterung Feuerwehrhaus"},"content":{"rendered":"<p>Als finanzschwache Gemeinden erhalten Ebersburg und N\u00fcsttal Zuweisungen aus dem Kreisausgleichsstock in H\u00f6he von 3.800 Euro beziehungsweise 1.800 Euro. In Ebersburg geht es um die Beseitigung von Unwettersch\u00e4den infolge von erheblichem Starkregen Ende Mai sowie im Juni und Juli 2016. In N\u00fcsttal erweitert die Gemeinde die Nutzungsfl\u00e4che des Feuerwehrhauses im Ortsteil Silges.<\/p>\n","protected":false},"excerpt":{"rendered":"<div class=\"tmnf_excerpt\"><p>Als finanzschwache Gemeinden erhalten Ebersburg und N\u00fcsttal Zuweisungen aus dem Kreisausgleichsstock in H\u00f6he von 3.800 Euro beziehungsweise 1.800 Euro. In Ebersburg geht es um die Beseitigung von Unwettersch\u00e4den infolge von erheblichem Starkregen Ende Mai sowie im Juni und Juli 2016. In N\u00fcsttal erweitert die Gemeinde die Nutzungsfl\u00e4che des Feuerwehrhauses im Ortsteil Silges.<\/p>\n<\/div>","protected":false},"author":1,"featured_media":0,"comment_status":"closed","ping_status":"closed","sticky":false,"template":"","format":"standard","meta":{"footnotes":""},"categories":[1],"tags":[],"class_list":["post-160094","post","type-post","status-publish","format-standard","hentry","category-startseite"],"_links":{"self":[{"href":"https:\/\/www.fuldaernachrichten.de\/index.php?rest_route=\/wp\/v2\/posts\/160094","targetHints":{"allow":["GET"]}}],"collection":[{"href":"https:\/\/www.fuldaernachrichten.de\/index.php?rest_route=\/wp\/v2\/posts"}],"about":[{"href":"https:\/\/www.fuldaernachrichten.de\/index.php?rest_route=\/wp\/v2\/types\/post"}],"author":[{"embeddable":true,"href":"https:\/\/www.fuldaernachrichten.de\/index.php?rest_route=\/wp\/v2\/users\/1"}],"replies":[{"embeddable":true,"href":"https:\/\/www.fuldaernachrichten.de\/index.php?rest_route=%2Fwp%2Fv2%2Fcomments&post=160094"}],"version-history":[{"count":1,"href":"https:\/\/www.fuldaernachrichten.de\/index.php?rest_route=\/wp\/v2\/posts\/160094\/revisions"}],"predecessor-version":[{"id":160099,"href":"https:\/\/www.fuldaernachrichten.de\/index.php?rest_route=\/wp\/v2\/posts\/160094\/revisions\/160099"}],"wp:attachment":[{"href":"https:\/\/www.fuldaernachrichten.de\/index.php?rest_route=%2Fwp%2Fv2%2Fmedia&parent=160094"}],"wp:term":[{"taxonomy":"category","embeddable":true,"href":"https:\/\/www.fuldaernachrichten.de\/index.php?rest_route=%2Fwp%2Fv2%2Fcategories&post=160094"},{"taxonomy":"post_tag","embeddable":true,"href":"https:\/\/www.fuldaernachrichten.de\/index.php?rest_route=%2Fwp%2Fv2%2Ftags&post=160094"}],"curies":[{"name":"wp","href":"https:\/\/api.w.org\/{rel}","templated":true}]}}