{"id":160080,"date":"2017-02-09T20:22:34","date_gmt":"2017-02-09T19:22:34","guid":{"rendered":"http:\/\/www.fuldaer-nachrichten.de\/?p=160080"},"modified":"2017-02-09T20:22:34","modified_gmt":"2017-02-09T19:22:34","slug":"luedertalschule-spendet-an-dkms-aktion-jakob-braucht-dich","status":"publish","type":"post","link":"https:\/\/www.fuldaernachrichten.de\/?p=160080","title":{"rendered":"L\u00fcdertalschule spendet an  DKMS-Aktion \u201eJakob braucht Dich\u201c"},"content":{"rendered":"<p>Als die Sch\u00fcler der Klasse R9a der L\u00fcdertalschule Gro\u00dfenl\u00fcder vom Schicksal des 4 Jahre alten, an Leuk\u00e4mie erkrankten Jakob aus Neuhof erfahren hatten, wollten sie die Arbeit der DKMS unterst\u00fctzen. Aus diesem Grund starteten die Sch\u00fcler am Tag der Offenen T\u00fcr im Dezember verschiedene Spendenaktionen, unter anderem eine gro\u00dfe Tombola mit vielen Sachpreisen.\u00c2\u00a0Den dabei zusammengekommenen stolzen Betrag von 650 \u00e2\u201a\u00ac \u00fcbergab die Klasse k\u00fcrzlich an Elena Wiegand und Oliver Staubach von der Initiativgruppe, welche im Oktober den Aktionstag in Neuhof organisiert hatte. Im Rahmen der Scheck\u00fcbergabe erl\u00e4uterten Wiegand und Staubach den interessierten Sch\u00fclern wie die Organisation im Vorfeld des Aktionstages ablief und wie wichtig die Arbeit der DKMS im Kampf gegen Leuk\u00e4mie ist. Die Klasse R9a bedankt sich ganz herzlich bei allen Spendern und Mitwirkenden! Aktuell sind die \u00c4rzte mit Jakobs Genesungsverlauf zufrieden, wohlwissend dass weiterhin eine intensive Behandlung n\u00f6tig ist.<\/p>\n","protected":false},"excerpt":{"rendered":"<div class=\"tmnf_excerpt\"><p>Als die Sch\u00fcler der Klasse R9a der L\u00fcdertalschule Gro\u00dfenl\u00fcder vom Schicksal des 4 Jahre alten, an Leuk\u00e4mie erkrankten Jakob aus Neuhof erfahren hatten, wollten sie die Arbeit der DKMS unterst\u00fctzen. Aus diesem Grund starteten die Sch\u00fcler am Tag der Offenen T\u00fcr im Dezember verschiedene Spendenaktionen, unter anderem eine gro\u00dfe Tombola mit vielen Sachpreisen.\u00c2\u00a0Den dabei zusammengekommenen &hellip;<\/p>\n<\/div>","protected":false},"author":1,"featured_media":0,"comment_status":"closed","ping_status":"closed","sticky":false,"template":"","format":"standard","meta":{"footnotes":""},"categories":[1],"tags":[],"class_list":["post-160080","post","type-post","status-publish","format-standard","hentry","category-startseite"],"_links":{"self":[{"href":"https:\/\/www.fuldaernachrichten.de\/index.php?rest_route=\/wp\/v2\/posts\/160080","targetHints":{"allow":["GET"]}}],"collection":[{"href":"https:\/\/www.fuldaernachrichten.de\/index.php?rest_route=\/wp\/v2\/posts"}],"about":[{"href":"https:\/\/www.fuldaernachrichten.de\/index.php?rest_route=\/wp\/v2\/types\/post"}],"author":[{"embeddable":true,"href":"https:\/\/www.fuldaernachrichten.de\/index.php?rest_route=\/wp\/v2\/users\/1"}],"replies":[{"embeddable":true,"href":"https:\/\/www.fuldaernachrichten.de\/index.php?rest_route=%2Fwp%2Fv2%2Fcomments&post=160080"}],"version-history":[{"count":1,"href":"https:\/\/www.fuldaernachrichten.de\/index.php?rest_route=\/wp\/v2\/posts\/160080\/revisions"}],"predecessor-version":[{"id":160085,"href":"https:\/\/www.fuldaernachrichten.de\/index.php?rest_route=\/wp\/v2\/posts\/160080\/revisions\/160085"}],"wp:attachment":[{"href":"https:\/\/www.fuldaernachrichten.de\/index.php?rest_route=%2Fwp%2Fv2%2Fmedia&parent=160080"}],"wp:term":[{"taxonomy":"category","embeddable":true,"href":"https:\/\/www.fuldaernachrichten.de\/index.php?rest_route=%2Fwp%2Fv2%2Fcategories&post=160080"},{"taxonomy":"post_tag","embeddable":true,"href":"https:\/\/www.fuldaernachrichten.de\/index.php?rest_route=%2Fwp%2Fv2%2Ftags&post=160080"}],"curies":[{"name":"wp","href":"https:\/\/api.w.org\/{rel}","templated":true}]}}