{"id":160078,"date":"2017-02-09T20:19:53","date_gmt":"2017-02-09T19:19:53","guid":{"rendered":"http:\/\/www.fuldaer-nachrichten.de\/?p=160078"},"modified":"2017-02-09T20:19:53","modified_gmt":"2017-02-09T19:19:53","slug":"vogelsbergkreis-laesst-zurzeit-einen-verdachtsfall-von-vogelgrippe-pruefen-landrat-bei-negativem-befund-wird-die-stallpflicht-aufgehoben","status":"publish","type":"post","link":"https:\/\/www.fuldaernachrichten.de\/?p=160078","title":{"rendered":"Vogelsbergkreis l\u00e4sst zurzeit einen Verdachtsfall von Vogelgrippe pr\u00fcfen Landrat: Bei negativem Befund wird die Stallpflicht aufgehoben"},"content":{"rendered":"<p>Wie die Pressestelle des Vogelsbergkreises mitteilt, l\u00e4sst das Amt f\u00fcr Veterin\u00e4rwesen und Verbraucherschutz in Lauterbach zurzeit beim Friedrich-Loeffler-Institut (FLI) &#8211; Nationales Referenzlabor auf der Insel Riems \u2013 einen m\u00f6glichen Verdachtsfall auf Vogelgrippe untersuchen. Ein toter Schwan war Ende Januar am Stausee bei Antrifttal aufgefunden und zun\u00e4chst zur Untersuchung ins Landeslabor Gie\u00dfen gebracht worden.<\/p>\n<p>\u201eDiese Untersuchung in Gie\u00dfen ist am Mittwochabend abgeschlossen worden und hat Anhaltspunkte erbracht, die eine weitere abschlie\u00dfende Bewertung beim Nationalen Referenzlabor (FLI) erfordern\u201c, erl\u00e4utert die Leiterin des Veterin\u00e4ramtes, Dr. Maria Dolderer-Litmeyer. Auf der Insel Riems werden die Proben des Schwans zurzeit ausgewertet. Das Veterin\u00e4ramt rechnet am Montag mit dem Vorliegen des Untersuchungsergebnisses.<\/p>\n<p>\u201eSollte sich der Verdachtsfall nicht best\u00e4tigen, dann wird der Landkreis die zurzeit bestehende Stallpflicht f\u00fcr Gefl\u00fcgel aufheben\u201c, teilt Landrat Manfred G\u00f6rig mit.<\/p>\n<p>Seit Herbst 2016 sind vom Vogelsberger Veterin\u00e4ramt 32 tote V\u00f6gel zur Untersuchung ans Landeslabor in Gie\u00dfen weitergeleitet worden. Diese 32 F\u00e4lle waren alle negativ \u2013 es gab also bisher keine Anhaltspunkte f\u00fcr die Vogelgrippe. Dies ist nun bei dem aufgefundenen Schwan anders, erl\u00e4utert Dr. Dolder-Litmeyer.<\/p>\n<p>Das Umweltministerium hatte am Donnerstag per Erlass die vorzeitige Aufhebung f\u00fcr Kreise mit geringer Gefl\u00fcgeldichte und keinen Wildvogelrast- und brutgebieten erm\u00f6glicht.<\/p>\n<p>\u201eWir m\u00fcssen den Befund den Schwan betreffend jetzt erst abwarten\u201c, erkl\u00e4rt Landrat Manfred G\u00f6rig. Nat\u00fcrlich sei es wichtig, den Infektionsschutz zu gew\u00e4hrleisten und gleichzeitig die berechtigten Sorgen der Gefl\u00fcgelz\u00fcchter und ihrer Vereine ernst zu nehmen.<\/p>\n<p>Ungeachtet einer m\u00f6glichen Aufhebung der Stallpflicht empfiehlt das Veterin\u00e4ramt den Gefl\u00fcgelhaltern bis zur w\u00e4rmeren Witterung nach M\u00f6glichkeit das Gefl\u00fcgel weiterhin im Stall zu halten und die vorgeschriebenen Hygienema\u00dfnahmen zu beachten.<\/p>\n<p>Die \u00d6ffentlichkeit wird informiert sobald das Untersuchungsergebnis des FLI vorliegt.<\/p>\n","protected":false},"excerpt":{"rendered":"<div class=\"tmnf_excerpt\"><p>Wie die Pressestelle des Vogelsbergkreises mitteilt, l\u00e4sst das Amt f\u00fcr Veterin\u00e4rwesen und Verbraucherschutz in Lauterbach zurzeit beim Friedrich-Loeffler-Institut (FLI) &#8211; Nationales Referenzlabor auf der Insel Riems \u2013 einen m\u00f6glichen Verdachtsfall auf Vogelgrippe untersuchen. Ein toter Schwan war Ende Januar am Stausee bei Antrifttal aufgefunden und zun\u00e4chst zur Untersuchung ins Landeslabor Gie\u00dfen gebracht worden. \u201eDiese Untersuchung &hellip;<\/p>\n<\/div>","protected":false},"author":1,"featured_media":0,"comment_status":"closed","ping_status":"closed","sticky":false,"template":"","format":"standard","meta":{"footnotes":""},"categories":[1],"tags":[],"class_list":["post-160078","post","type-post","status-publish","format-standard","hentry","category-startseite"],"_links":{"self":[{"href":"https:\/\/www.fuldaernachrichten.de\/index.php?rest_route=\/wp\/v2\/posts\/160078","targetHints":{"allow":["GET"]}}],"collection":[{"href":"https:\/\/www.fuldaernachrichten.de\/index.php?rest_route=\/wp\/v2\/posts"}],"about":[{"href":"https:\/\/www.fuldaernachrichten.de\/index.php?rest_route=\/wp\/v2\/types\/post"}],"author":[{"embeddable":true,"href":"https:\/\/www.fuldaernachrichten.de\/index.php?rest_route=\/wp\/v2\/users\/1"}],"replies":[{"embeddable":true,"href":"https:\/\/www.fuldaernachrichten.de\/index.php?rest_route=%2Fwp%2Fv2%2Fcomments&post=160078"}],"version-history":[{"count":1,"href":"https:\/\/www.fuldaernachrichten.de\/index.php?rest_route=\/wp\/v2\/posts\/160078\/revisions"}],"predecessor-version":[{"id":160079,"href":"https:\/\/www.fuldaernachrichten.de\/index.php?rest_route=\/wp\/v2\/posts\/160078\/revisions\/160079"}],"wp:attachment":[{"href":"https:\/\/www.fuldaernachrichten.de\/index.php?rest_route=%2Fwp%2Fv2%2Fmedia&parent=160078"}],"wp:term":[{"taxonomy":"category","embeddable":true,"href":"https:\/\/www.fuldaernachrichten.de\/index.php?rest_route=%2Fwp%2Fv2%2Fcategories&post=160078"},{"taxonomy":"post_tag","embeddable":true,"href":"https:\/\/www.fuldaernachrichten.de\/index.php?rest_route=%2Fwp%2Fv2%2Ftags&post=160078"}],"curies":[{"name":"wp","href":"https:\/\/api.w.org\/{rel}","templated":true}]}}