{"id":160071,"date":"2017-02-09T20:18:44","date_gmt":"2017-02-09T19:18:44","guid":{"rendered":"http:\/\/www.fuldaer-nachrichten.de\/?p=160071"},"modified":"2017-02-09T20:19:02","modified_gmt":"2017-02-09T19:19:02","slug":"54-regionalwettbewerb-jugend-musiziert-neun-weiterleitungen-zum-landeswettbewerb","status":"publish","type":"post","link":"https:\/\/www.fuldaernachrichten.de\/?p=160071","title":{"rendered":"54. Regionalwettbewerb \u201eJugend Musiziert\u201c  Neun Weiterleitungen zum Landeswettbewerb"},"content":{"rendered":"<p>Am vergangenen Wochenende hat die Musikschule Fulda ihre T\u00fcren f\u00fcr die Teilnehmer des 54. Wettbewerbs \u201eJugend Musiziert\u201c ge\u00f6ffnet. 37  junge Talente aus der Region konnten sich in den Wertungen f\u00fcr Klavier und Gesang messen. <\/p>\n<p>Eine Weiterleitung zum Landeswettbewerb erhielten Georg Rupprecht, Rieke Warzog, Marisa Lin\u00df, Till Biederbeck, Cornelia Baumbach, Evelina Rommel, Madita Heigel, Jana Kisner und Anton Josef L\u00f6bens. <\/p>\n<p>Weiterhin wurden bei den Wertungen f\u00fcr Klavier und Gesang mit einem Preis ausgezeichnet:\u00e2\u20ac\u00a8<br \/>\nKlavier: Sophia Catharina Kroedel, Hannah-Chiara Roitzsch, Evelina Rommel, Lewis Rutkowski, Valeria Tschinepow, Pascal Atzler, Letizia Bott,<br \/>\nKonrad Jasper Kaffanke, Dominik Oestreich, Erik Oldenburg, Erick Omelchenko, Daria Rommel, Marie Sorel, Eileen Tolsdorf, Veronika Treichel,<br \/>\nJulia Kovalenko, Anna Montag, Beatris Prodan, Mike Risto, Stella Schreiber,<br \/>\nJana Weism\u00fcller, Tim Wettels, Semfira Bach und Henning Weber.<\/p>\n<p>Gesang: Philippa Beermann, Lisann Ireen Ha\u00dfler, Lena Henning, Teresa Auth und Theresa Pfalzgraf.<\/p>\n<p>Die Wertung wurde durch kompetente, \u00fcberregionale Jurys vorgenommen.  Am Sonntag, 12. M\u00e4rz, findet um 16.30 Uhr in der Aula der Alten Universit\u00e4t ein Preistr\u00e4gerkonzert mit Urkunden\u00fcbergabe statt.<br \/>\n\u00e2\u20ac\u00a8Die genauen Punktzahlen k\u00f6nnen unter<br \/>\nhttp:\/\/www.jugend-musiziert.org\/regionalwettbewerbe\/fulda\/ergebnisse.html<br \/>\nabgerufen werden.<\/p>\n","protected":false},"excerpt":{"rendered":"<div class=\"tmnf_excerpt\"><p>Am vergangenen Wochenende hat die Musikschule Fulda ihre T\u00fcren f\u00fcr die Teilnehmer des 54. Wettbewerbs \u201eJugend Musiziert\u201c ge\u00f6ffnet. 37 junge Talente aus der Region konnten sich in den Wertungen f\u00fcr Klavier und Gesang messen. Eine Weiterleitung zum Landeswettbewerb erhielten Georg Rupprecht, Rieke Warzog, Marisa Lin\u00df, Till Biederbeck, Cornelia Baumbach, Evelina Rommel, Madita Heigel, Jana Kisner &hellip;<\/p>\n<\/div>","protected":false},"author":1,"featured_media":0,"comment_status":"closed","ping_status":"closed","sticky":false,"template":"","format":"standard","meta":{"footnotes":""},"categories":[1],"tags":[],"class_list":["post-160071","post","type-post","status-publish","format-standard","hentry","category-startseite"],"_links":{"self":[{"href":"https:\/\/www.fuldaernachrichten.de\/index.php?rest_route=\/wp\/v2\/posts\/160071","targetHints":{"allow":["GET"]}}],"collection":[{"href":"https:\/\/www.fuldaernachrichten.de\/index.php?rest_route=\/wp\/v2\/posts"}],"about":[{"href":"https:\/\/www.fuldaernachrichten.de\/index.php?rest_route=\/wp\/v2\/types\/post"}],"author":[{"embeddable":true,"href":"https:\/\/www.fuldaernachrichten.de\/index.php?rest_route=\/wp\/v2\/users\/1"}],"replies":[{"embeddable":true,"href":"https:\/\/www.fuldaernachrichten.de\/index.php?rest_route=%2Fwp%2Fv2%2Fcomments&post=160071"}],"version-history":[{"count":1,"href":"https:\/\/www.fuldaernachrichten.de\/index.php?rest_route=\/wp\/v2\/posts\/160071\/revisions"}],"predecessor-version":[{"id":160074,"href":"https:\/\/www.fuldaernachrichten.de\/index.php?rest_route=\/wp\/v2\/posts\/160071\/revisions\/160074"}],"wp:attachment":[{"href":"https:\/\/www.fuldaernachrichten.de\/index.php?rest_route=%2Fwp%2Fv2%2Fmedia&parent=160071"}],"wp:term":[{"taxonomy":"category","embeddable":true,"href":"https:\/\/www.fuldaernachrichten.de\/index.php?rest_route=%2Fwp%2Fv2%2Fcategories&post=160071"},{"taxonomy":"post_tag","embeddable":true,"href":"https:\/\/www.fuldaernachrichten.de\/index.php?rest_route=%2Fwp%2Fv2%2Ftags&post=160071"}],"curies":[{"name":"wp","href":"https:\/\/api.w.org\/{rel}","templated":true}]}}