{"id":160065,"date":"2017-02-09T20:16:58","date_gmt":"2017-02-09T19:16:58","guid":{"rendered":"http:\/\/www.fuldaer-nachrichten.de\/?p=160065"},"modified":"2017-02-09T20:16:58","modified_gmt":"2017-02-09T19:16:58","slug":"reiterfreizeit-fuer-maedchen-vom-1-bis-8-april-in-hoef-und-haid-sowie-integrative-osterfreizeit-vom-3-bis-7-april-in-rodholz","status":"publish","type":"post","link":"https:\/\/www.fuldaernachrichten.de\/?p=160065","title":{"rendered":"Reiterfreizeit f\u00fcr M\u00e4dchen vom 1. bis 8. April in H\u00f6f und Haid sowie Integrative Osterfreizeit vom 3. bis 7. April in Rodholz"},"content":{"rendered":"<p>Die Kinder- und Jugendf\u00f6rderung des Landkreises bietet in den Osterferien eine Reiterfreizeit f\u00fcr M\u00e4dchen vom 1. bis 8. April in H\u00f6f und Haid sowie eine Integrative Freizeit gemeinsam mit dem Verein \u201eGemeinsam Leben \u2013 Gemeinsam Lernen\u201c vom 3. bis 7. April in Rodholz an. Die Teilnahmegeb\u00fchren betragen bei eigener An- und Abreise 280 Euro (einschlie\u00dflich Reitstunden) sowie 140 Euro. Info und Anmeldung unter Telefon (0661)6006-427, E-Mail jugend@landkreis-fulda.de.<\/p>\n","protected":false},"excerpt":{"rendered":"<div class=\"tmnf_excerpt\"><p>Die Kinder- und Jugendf\u00f6rderung des Landkreises bietet in den Osterferien eine Reiterfreizeit f\u00fcr M\u00e4dchen vom 1. bis 8. April in H\u00f6f und Haid sowie eine Integrative Freizeit gemeinsam mit dem Verein \u201eGemeinsam Leben \u2013 Gemeinsam Lernen\u201c vom 3. bis 7. April in Rodholz an. Die Teilnahmegeb\u00fchren betragen bei eigener An- und Abreise 280 Euro (einschlie\u00dflich &hellip;<\/p>\n<\/div>","protected":false},"author":1,"featured_media":0,"comment_status":"closed","ping_status":"closed","sticky":false,"template":"","format":"standard","meta":{"footnotes":""},"categories":[1],"tags":[],"class_list":["post-160065","post","type-post","status-publish","format-standard","hentry","category-startseite"],"_links":{"self":[{"href":"https:\/\/www.fuldaernachrichten.de\/index.php?rest_route=\/wp\/v2\/posts\/160065","targetHints":{"allow":["GET"]}}],"collection":[{"href":"https:\/\/www.fuldaernachrichten.de\/index.php?rest_route=\/wp\/v2\/posts"}],"about":[{"href":"https:\/\/www.fuldaernachrichten.de\/index.php?rest_route=\/wp\/v2\/types\/post"}],"author":[{"embeddable":true,"href":"https:\/\/www.fuldaernachrichten.de\/index.php?rest_route=\/wp\/v2\/users\/1"}],"replies":[{"embeddable":true,"href":"https:\/\/www.fuldaernachrichten.de\/index.php?rest_route=%2Fwp%2Fv2%2Fcomments&post=160065"}],"version-history":[{"count":1,"href":"https:\/\/www.fuldaernachrichten.de\/index.php?rest_route=\/wp\/v2\/posts\/160065\/revisions"}],"predecessor-version":[{"id":160068,"href":"https:\/\/www.fuldaernachrichten.de\/index.php?rest_route=\/wp\/v2\/posts\/160065\/revisions\/160068"}],"wp:attachment":[{"href":"https:\/\/www.fuldaernachrichten.de\/index.php?rest_route=%2Fwp%2Fv2%2Fmedia&parent=160065"}],"wp:term":[{"taxonomy":"category","embeddable":true,"href":"https:\/\/www.fuldaernachrichten.de\/index.php?rest_route=%2Fwp%2Fv2%2Fcategories&post=160065"},{"taxonomy":"post_tag","embeddable":true,"href":"https:\/\/www.fuldaernachrichten.de\/index.php?rest_route=%2Fwp%2Fv2%2Ftags&post=160065"}],"curies":[{"name":"wp","href":"https:\/\/api.w.org\/{rel}","templated":true}]}}