{"id":160062,"date":"2017-02-09T20:16:29","date_gmt":"2017-02-09T19:16:29","guid":{"rendered":"http:\/\/www.fuldaer-nachrichten.de\/?p=160062"},"modified":"2017-02-09T20:16:29","modified_gmt":"2017-02-09T19:16:29","slug":"vortrag-von-andreas-gallasini-vom-stuckateur-zum-baudirektor-eine-kuenstlerkarriere-im-alten-deutschen-reich","status":"publish","type":"post","link":"https:\/\/www.fuldaernachrichten.de\/?p=160062","title":{"rendered":"Vortrag von Andreas Gallasini: Vom Stuckateur zum Baudirektor \u2013 eine K\u00fcnstlerkarriere im Alten Deutschen Reich"},"content":{"rendered":"<p>Der Fuldaer Geschichtsverein l\u00e4dt ein zu einem Vortrag am 16. Februar 2017, 19.30 Uhr, Kanzlerpalais, Unterm Heilig Kreuz, 36037 Fulda. Referent: Dr. Gregor Stasch<\/p>\n<p>Der Fuldaer Geschichtsverein ehrt einen K\u00fcnstler, dessen 250. Todestag schon ein Jahr zur\u00fcckliegt. Am 10. Februar 1766 starb der damals 86j\u00e4hrige Baudirektor des F\u00fcrsten Ludwig Leopold von Hohenlohe-Bartenstein, Andreas Gallasini, der in Fulda 35 Jahre seines Lebens verbrachte. Sein langer Lebensweg l\u00e4sst sich heute nur noch bruchst\u00fcckhaft nachzeichnen. In Lugano geboren und dort wohl als Stuckateur ausgebildet, kam er wohl \u00fcber Mainz und Meiningen nach Weilburg, Neuwied und Arolsen, wo er unter Julis Ludwig Rothweil zwar meist als Stuckateur t\u00e4tig wurde, aber schon bald zum Bauinspektor aufgestiegen war. In dieser Eigenschaft \u00fcbernahm er seit 1720 die Aufsicht \u00fcber das gesamte Fuldaer Bauwesen und schuf als f\u00fcrstlich-fuldischer Baumeister 1728 mit der Heili-Geist-Kirche sein erstes eigenst\u00e4ndiges Werk.\u00e2\u20ac\u00a81755 quittierte er wohl aus Altersgr\u00fcnden den Dienst in Fulda und hielt sich \u00fcberwiegend in Wetzlar auf. Dort machte er Bekanntschaft mit dem F\u00fcrsten Carl Philipp von Hohenlohe\u2013Bartenstein, der ihn um 1760 in Bartenstein als Baudirektor anstellte. Hier wirkte Gallasini bis zu seinem Tod. Er entwarf und gestaltete die barocke Schlossanlage und plante die st\u00e4dtebauliche Verbindung der f\u00fcrstlichen Residenz mit der Stadt. <\/p>\n<p>Der Veranstalter l\u00e4dt alle Interessierten zu dem Vortrag ein. Bereits um 18.30 Uhr findet die Mitgliederversammlung des Fuldaer Geschichtsvereins statt.<\/p>\n","protected":false},"excerpt":{"rendered":"<div class=\"tmnf_excerpt\"><p>Der Fuldaer Geschichtsverein l\u00e4dt ein zu einem Vortrag am 16. Februar 2017, 19.30 Uhr, Kanzlerpalais, Unterm Heilig Kreuz, 36037 Fulda. Referent: Dr. Gregor Stasch Der Fuldaer Geschichtsverein ehrt einen K\u00fcnstler, dessen 250. Todestag schon ein Jahr zur\u00fcckliegt. Am 10. Februar 1766 starb der damals 86j\u00e4hrige Baudirektor des F\u00fcrsten Ludwig Leopold von Hohenlohe-Bartenstein, Andreas Gallasini, der &hellip;<\/p>\n<\/div>","protected":false},"author":1,"featured_media":0,"comment_status":"closed","ping_status":"closed","sticky":false,"template":"","format":"standard","meta":{"footnotes":""},"categories":[1],"tags":[],"class_list":["post-160062","post","type-post","status-publish","format-standard","hentry","category-startseite"],"_links":{"self":[{"href":"https:\/\/www.fuldaernachrichten.de\/index.php?rest_route=\/wp\/v2\/posts\/160062","targetHints":{"allow":["GET"]}}],"collection":[{"href":"https:\/\/www.fuldaernachrichten.de\/index.php?rest_route=\/wp\/v2\/posts"}],"about":[{"href":"https:\/\/www.fuldaernachrichten.de\/index.php?rest_route=\/wp\/v2\/types\/post"}],"author":[{"embeddable":true,"href":"https:\/\/www.fuldaernachrichten.de\/index.php?rest_route=\/wp\/v2\/users\/1"}],"replies":[{"embeddable":true,"href":"https:\/\/www.fuldaernachrichten.de\/index.php?rest_route=%2Fwp%2Fv2%2Fcomments&post=160062"}],"version-history":[{"count":1,"href":"https:\/\/www.fuldaernachrichten.de\/index.php?rest_route=\/wp\/v2\/posts\/160062\/revisions"}],"predecessor-version":[{"id":160066,"href":"https:\/\/www.fuldaernachrichten.de\/index.php?rest_route=\/wp\/v2\/posts\/160062\/revisions\/160066"}],"wp:attachment":[{"href":"https:\/\/www.fuldaernachrichten.de\/index.php?rest_route=%2Fwp%2Fv2%2Fmedia&parent=160062"}],"wp:term":[{"taxonomy":"category","embeddable":true,"href":"https:\/\/www.fuldaernachrichten.de\/index.php?rest_route=%2Fwp%2Fv2%2Fcategories&post=160062"},{"taxonomy":"post_tag","embeddable":true,"href":"https:\/\/www.fuldaernachrichten.de\/index.php?rest_route=%2Fwp%2Fv2%2Ftags&post=160062"}],"curies":[{"name":"wp","href":"https:\/\/api.w.org\/{rel}","templated":true}]}}