{"id":160061,"date":"2017-02-09T20:15:24","date_gmt":"2017-02-09T19:15:24","guid":{"rendered":"http:\/\/www.fuldaer-nachrichten.de\/?p=160061"},"modified":"2017-02-09T20:15:24","modified_gmt":"2017-02-09T19:15:24","slug":"buergerliste-begruesst-schritt-richtung-buerger","status":"publish","type":"post","link":"https:\/\/www.fuldaernachrichten.de\/?p=160061","title":{"rendered":"B\u00fcrgerliste begr\u00fc\u00dft \u201eSchritt Richtung B\u00fcrger\u201c"},"content":{"rendered":"<p>Die B\u00fcrgerliste begr\u00fc\u00dft die Entscheidung des Gemeindevorstandes und der Fraktionsspitzen vom 7.2.2017. Die geplante Schredder Anlage im Oberfeld sei &#8211; wie urspr\u00fcnglich geplant &#8211; weder der Bev\u00f6lkerung zu vermitteln, noch sinnvoll an diesem Platz zwischen den Orten Kerzell, L\u00f6schenrod und Eichenzell. Die in der \u00d6ffentlichkeit gef\u00fchrten Diskussionen seien wichtig und m\u00fcssen von den gew\u00e4hlten Vertretern ernst genommen werden.<\/p>\n<p>\u201eDies ist ein erster wichtiger Schritt in Richtung B\u00fcrger, der gerade noch rechtzeitig kam. Die Priorit\u00e4t muss ganz klar auf einem anderen Standort liegen. Eine solche Anlage geh\u00f6rt nicht in die N\u00e4he einer Wohnbebauung. Weder in L\u00f6schenrod, noch in Welkers, noch an einem anderen Ort.\u201c so Oliver K\u00fcmmel von der B\u00fcrgerliste.<\/p>\n","protected":false},"excerpt":{"rendered":"<div class=\"tmnf_excerpt\"><p>Die B\u00fcrgerliste begr\u00fc\u00dft die Entscheidung des Gemeindevorstandes und der Fraktionsspitzen vom 7.2.2017. Die geplante Schredder Anlage im Oberfeld sei &#8211; wie urspr\u00fcnglich geplant &#8211; weder der Bev\u00f6lkerung zu vermitteln, noch sinnvoll an diesem Platz zwischen den Orten Kerzell, L\u00f6schenrod und Eichenzell. Die in der \u00d6ffentlichkeit gef\u00fchrten Diskussionen seien wichtig und m\u00fcssen von den gew\u00e4hlten Vertretern &hellip;<\/p>\n<\/div>","protected":false},"author":1,"featured_media":0,"comment_status":"closed","ping_status":"closed","sticky":false,"template":"","format":"standard","meta":{"footnotes":""},"categories":[1],"tags":[],"class_list":["post-160061","post","type-post","status-publish","format-standard","hentry","category-startseite"],"_links":{"self":[{"href":"https:\/\/www.fuldaernachrichten.de\/index.php?rest_route=\/wp\/v2\/posts\/160061","targetHints":{"allow":["GET"]}}],"collection":[{"href":"https:\/\/www.fuldaernachrichten.de\/index.php?rest_route=\/wp\/v2\/posts"}],"about":[{"href":"https:\/\/www.fuldaernachrichten.de\/index.php?rest_route=\/wp\/v2\/types\/post"}],"author":[{"embeddable":true,"href":"https:\/\/www.fuldaernachrichten.de\/index.php?rest_route=\/wp\/v2\/users\/1"}],"replies":[{"embeddable":true,"href":"https:\/\/www.fuldaernachrichten.de\/index.php?rest_route=%2Fwp%2Fv2%2Fcomments&post=160061"}],"version-history":[{"count":1,"href":"https:\/\/www.fuldaernachrichten.de\/index.php?rest_route=\/wp\/v2\/posts\/160061\/revisions"}],"predecessor-version":[{"id":160064,"href":"https:\/\/www.fuldaernachrichten.de\/index.php?rest_route=\/wp\/v2\/posts\/160061\/revisions\/160064"}],"wp:attachment":[{"href":"https:\/\/www.fuldaernachrichten.de\/index.php?rest_route=%2Fwp%2Fv2%2Fmedia&parent=160061"}],"wp:term":[{"taxonomy":"category","embeddable":true,"href":"https:\/\/www.fuldaernachrichten.de\/index.php?rest_route=%2Fwp%2Fv2%2Fcategories&post=160061"},{"taxonomy":"post_tag","embeddable":true,"href":"https:\/\/www.fuldaernachrichten.de\/index.php?rest_route=%2Fwp%2Fv2%2Ftags&post=160061"}],"curies":[{"name":"wp","href":"https:\/\/api.w.org\/{rel}","templated":true}]}}