{"id":160054,"date":"2017-02-09T20:15:12","date_gmt":"2017-02-09T19:15:12","guid":{"rendered":"http:\/\/www.fuldaer-nachrichten.de\/?p=160054"},"modified":"2017-02-09T20:15:12","modified_gmt":"2017-02-09T19:15:12","slug":"neues-kinderbuch-aus-fulda-1-exemplar-an-buch-botschafter-michael-brand-mdb-uebergeben","status":"publish","type":"post","link":"https:\/\/www.fuldaernachrichten.de\/?p=160054","title":{"rendered":"Neues Kinderbuch aus Fulda: 1. Exemplar an \u201eBuch-Botschafter\u201c Michael Brand MdB \u00fcbergeben"},"content":{"rendered":"<p>\u201eW\u00fcrde eine einzige Farbe fehlen, w\u00e4re der Regenbogen nur noch halb so sch\u00f6n!\u201c, hei\u00dft es in \u201eDie wunderbare Reise nach Farbula\u201c, einem Kinderbuch, das auf Initiative des F\u00f6rdervereins Jollydent e.V. aus Burghaun verlegt wurde und in diesen Tagen erscheint. Toleranz und gutes Miteinander &#8211; das ist die Botschaft in der Welt von Farbula mit seinen unterschiedlichen Bewohnern.<\/p>\n<p>Das erste druckfrische Exemplar \u00fcberreichten die 18-j\u00e4hrige Autorin Teresa George, Sch\u00fclerin der Marienschule Fulda, sowie der Vorsitzende des F\u00f6rdervereins Jollydent e.V., Dr. Wolfram Geiger, in dieser Woche an den Bundestagsabgeordneten Michael Brand. Der Fuldaer Abgeordnete, der die Projekte des Vereins schon lange begleitet und sch\u00e4tzt, zeigte sich begeistert von dem Kinderbuch und der Idee dahinter: \u201eDas Buch ist klasse &#8211; mit einer tollen Botschaft und wundersch\u00f6nen Zeichnungen. Und den Praxistest hat das Buch absolut gut bestanden: Ich habe es unserer j\u00fcngsten Tochter vorgelesen &#8211; es hat ihr super gefallen&#8221;, so der Vater von drei Kindern. \u201eSich nicht zu wichtig nehmen, anderen Freir\u00e4ume lassen und gemeinsam etwas Gutes bewegen &#8211; diese Botschaft des Buches ist topaktuell. Toleranz und Miteinander fangen schon im Kindergarten an.\u201c Brand w\u00fcnscht als \u201e\u00fcberzeugter Botschafter f\u00fcr dieses Buch\u201c dem Werk \u201eganz viele Leser\u201c und ist sich sicher: \u201eOb Kind oder Erwachsener &#8211; wer es in der Hand hat, wird Freude daran haben!\u201c<\/p>\n<p>Die Geschichte hinter \u201eDie wunderbare Reise nach Farbula\u201c geht ins Jahr 2009 zur\u00fcck. Damals f\u00fchrten \u00fcber 230 Kinder mit und ohne Handicap aus 15 Nationen im Schlosstheater Fulda singend, tanzend und musizierend die Geschichte von \u201eFarbula\u201c auf. Begleitet wurde das Projekt von Musik- und Tanzp\u00e4dagogen, Lehrern, Erziehern und Musikern, die den Kindern halfen, nicht nur ungeahnte eigene F\u00e4higkeiten zu entfalten, sondern auch respektvoll miteinander umzugehen mit Platz f\u00fcr Individualit\u00e4t.<\/p>\n<p>\u201eNach den Auff\u00fchrungen von Farbula erreichten uns viele Nachfragen aus Kindertagesst\u00e4tten, F\u00f6rdereinrichtungen, Grundschulen und anderen Seiten, weswegen wir uns auf die Suche nach einem Verlag gemacht haben, der die Geschichte von Farbula in der Form eines Kinderbuches erz\u00e4hlt \u2013 und sind in Hamburg beim Jumbo-Verlag f\u00fcndig geworden\u201c, berichtet Initiator Dr. Wolfram Geiger. Die Mariensch\u00fclerin Theresa George schrieb schlie\u00dflich das St\u00fcck als Kinderbuch und die bekannte Kinderbuchillustratorin Franziska Harvey illustrierte liebevoll und mit vielen kleinen Details die Welt von Farbula.<\/p>\n<p>Das Buch handelt von den Geschwistern Frieda und Max, die an einem Regentag in die Welt von Farbula gelangen. Hier leuchtet jeder Ort mit seinen Bewohnern in einer eigenen Farbe: Von der gesch\u00e4ftigen roten Stadt mit der Ketchup-Fabrik kommen die Geschwister zu den sanften blauen Riesen am Ufer des Meeres und besuchen dann die gelben Zwerge auf der Bergspitze nahe der Sonne. Doch die Bewohner liegen im Streit miteinander: Wer hat die sch\u00f6nste Farbe im Land? Die Geschwister m\u00fcssen sich etwas einfallen lassen, um die Vielfalt und Toleranz nach Farbula zur\u00fcckzubringen.<\/p>\n<p>\u201eEs ist ein tolles Kinderbuch geworden! Die fantasievollen Illustrationen entf\u00fchren in eine ganz eigene Welt und die Geschichte bringt den Leser zum Schmunzeln und regt auch zum Nachdenken an\u201c, res\u00fcmiert Michael Brand und auch Dr. Geiger ist stolz auf das Ergebnis: \u201eDas Projekt hat den Sprung vom Lokalen auf die Bundesebene geschafft, das freut uns sehr. Ein n\u00e4chster Schritt im Sinne von Jollydent w\u00e4ren weitere \u00dcbersetzungen des Buches in m\u00f6glichst viele unterschiedliche Sprachen wie Russisch, T\u00fcrkisch, Arabisch oder Englisch f\u00fcr zweisprachige Kinder.\u201c Auch Michael Brand zeigte sich angetan von dieser Idee und dankte Wolfram Geiger f\u00fcr \u201egro\u00dfartiges Engagement\u201c und Terese George f\u00fcr eine \u201etolle Leistung, die Gutes geschaffen hat\u201c.<\/p>\n<p>\u201eDie wunderbare Reise nach Farbula\u201c kostet 17\u00e2\u201a\u00ac und ist ab 10.2.2017 im Buchhandel und online erh\u00e4ltlich. ISBN 978-3-8337-3685-8.<\/p>\n","protected":false},"excerpt":{"rendered":"<div class=\"tmnf_excerpt\"><p>\u201eW\u00fcrde eine einzige Farbe fehlen, w\u00e4re der Regenbogen nur noch halb so sch\u00f6n!\u201c, hei\u00dft es in \u201eDie wunderbare Reise nach Farbula\u201c, einem Kinderbuch, das auf Initiative des F\u00f6rdervereins Jollydent e.V. aus Burghaun verlegt wurde und in diesen Tagen erscheint. Toleranz und gutes Miteinander &#8211; das ist die Botschaft in der Welt von Farbula mit seinen &hellip;<\/p>\n<\/div>","protected":false},"author":1,"featured_media":160057,"comment_status":"closed","ping_status":"closed","sticky":false,"template":"","format":"standard","meta":{"footnotes":""},"categories":[1],"tags":[],"class_list":["post-160054","post","type-post","status-publish","format-standard","has-post-thumbnail","hentry","category-startseite"],"_links":{"self":[{"href":"https:\/\/www.fuldaernachrichten.de\/index.php?rest_route=\/wp\/v2\/posts\/160054","targetHints":{"allow":["GET"]}}],"collection":[{"href":"https:\/\/www.fuldaernachrichten.de\/index.php?rest_route=\/wp\/v2\/posts"}],"about":[{"href":"https:\/\/www.fuldaernachrichten.de\/index.php?rest_route=\/wp\/v2\/types\/post"}],"author":[{"embeddable":true,"href":"https:\/\/www.fuldaernachrichten.de\/index.php?rest_route=\/wp\/v2\/users\/1"}],"replies":[{"embeddable":true,"href":"https:\/\/www.fuldaernachrichten.de\/index.php?rest_route=%2Fwp%2Fv2%2Fcomments&post=160054"}],"version-history":[{"count":1,"href":"https:\/\/www.fuldaernachrichten.de\/index.php?rest_route=\/wp\/v2\/posts\/160054\/revisions"}],"predecessor-version":[{"id":160060,"href":"https:\/\/www.fuldaernachrichten.de\/index.php?rest_route=\/wp\/v2\/posts\/160054\/revisions\/160060"}],"wp:featuredmedia":[{"embeddable":true,"href":"https:\/\/www.fuldaernachrichten.de\/index.php?rest_route=\/wp\/v2\/media\/160057"}],"wp:attachment":[{"href":"https:\/\/www.fuldaernachrichten.de\/index.php?rest_route=%2Fwp%2Fv2%2Fmedia&parent=160054"}],"wp:term":[{"taxonomy":"category","embeddable":true,"href":"https:\/\/www.fuldaernachrichten.de\/index.php?rest_route=%2Fwp%2Fv2%2Fcategories&post=160054"},{"taxonomy":"post_tag","embeddable":true,"href":"https:\/\/www.fuldaernachrichten.de\/index.php?rest_route=%2Fwp%2Fv2%2Ftags&post=160054"}],"curies":[{"name":"wp","href":"https:\/\/api.w.org\/{rel}","templated":true}]}}