{"id":160042,"date":"2017-02-09T20:11:31","date_gmt":"2017-02-09T19:11:31","guid":{"rendered":"http:\/\/www.fuldaer-nachrichten.de\/?p=160042"},"modified":"2017-02-09T20:11:31","modified_gmt":"2017-02-09T19:11:31","slug":"stellungnahme-gruene-fraktion-flieden-ausbau-ice-strecke-fulda-hanau","status":"publish","type":"post","link":"https:\/\/www.fuldaernachrichten.de\/?p=160042","title":{"rendered":"Stellungnahme &#8211; Gr\u00fcne Fraktion Flieden Ausbau ICE-Strecke Fulda \u2013 Hanau"},"content":{"rendered":"<p>Die Fraktion B\u00fcndnis 90\/Die Gr\u00fcnen Flieden spricht sich in deutlicher Form gegen eine Streckenf\u00fchrung aus, die die Gemeinde Flieden nachteilig\u00c2\u00a0 tangiert. Die Gemeinde sei in vielerlei Hinsicht durch \u00fcberregionale Infrastrukturma\u00dfnahmen und Verkehrswege betroffen, so Fraktionsvorsitzende Johanna G\u00e4rtner. In keinem Fall akzeptiere man eine weitere Zerschneidung der Landschaft und wertvoller Naturg\u00fcter. \u201eWir sehen die Notwendigkeit und die Vorteile eines Ausbaus auch f\u00fcr die vielen Pendler*innen aus unserer Gemeinde und stehen hinter der Stellungnahme des Kreistags Fulda, der die im Bundesverkehrswegeplan gesetzten Ausbauziele begr\u00fc\u00dft. Jedoch nehmen wir keine Belastungen einzelner Ortsteile in Kauf\u201c, h\u00e4lt Fraktionsmitglied Markus Hofmann fest. \u201eEine weitere Einkesselung der Weiler Adenm\u00fchle oder Kautz mit einer zus\u00e4tzlichen Schienenf\u00fchrung neben der Bestehenden, so wie es bei Variante V vorgesehen ist,\u00c2\u00a0 w\u00e4re trotz verbesserten Schallschutzma\u00dfnahmen eine nicht hinnehmbare Zumutung f\u00fcr die Anwohner*innen, genauso wenig wie ein Neubau \u00fcber Magdlos und R\u00fcckers.\u201c<br \/>\nDie Gr\u00fcnen in Flieden unterst\u00fctzen die neu gegr\u00fcndete B\u00fcrgerinitiative \u201eBI Pro K\u00f6nigreich Flieden\u201c in ihrer Bem\u00fchung, die B\u00fcrger*innen in Flieden \u00fcber aktuelle Geschehnisse und Entscheidungen im Planungsverfahren der Schnellbahntrasse zu informieren. Eine aufmerksame Begleitung des Prozesses und eine deutliche Interessensvertretung der Gro\u00dfgemeinde durch BI und B\u00fcrgermeister sei zu diesem Zeitpunkt entscheidend. \u201eEs ist uns wichtig, dass wir Fliedener*innen hier zusammenstehen.\u201c, betont G\u00e4rtner. Trotzdem sei der enge Austausch mit den Nachbargemeinden hilfreich, um mit einer starken Stimme an die Bahn herantreten zu k\u00f6nnen.<\/p>\n","protected":false},"excerpt":{"rendered":"<div class=\"tmnf_excerpt\"><p>Die Fraktion B\u00fcndnis 90\/Die Gr\u00fcnen Flieden spricht sich in deutlicher Form gegen eine Streckenf\u00fchrung aus, die die Gemeinde Flieden nachteilig\u00c2\u00a0 tangiert. Die Gemeinde sei in vielerlei Hinsicht durch \u00fcberregionale Infrastrukturma\u00dfnahmen und Verkehrswege betroffen, so Fraktionsvorsitzende Johanna G\u00e4rtner. In keinem Fall akzeptiere man eine weitere Zerschneidung der Landschaft und wertvoller Naturg\u00fcter. \u201eWir sehen die Notwendigkeit und &hellip;<\/p>\n<\/div>","protected":false},"author":1,"featured_media":0,"comment_status":"closed","ping_status":"closed","sticky":false,"template":"","format":"standard","meta":{"footnotes":""},"categories":[1],"tags":[],"class_list":["post-160042","post","type-post","status-publish","format-standard","hentry","category-startseite"],"_links":{"self":[{"href":"https:\/\/www.fuldaernachrichten.de\/index.php?rest_route=\/wp\/v2\/posts\/160042","targetHints":{"allow":["GET"]}}],"collection":[{"href":"https:\/\/www.fuldaernachrichten.de\/index.php?rest_route=\/wp\/v2\/posts"}],"about":[{"href":"https:\/\/www.fuldaernachrichten.de\/index.php?rest_route=\/wp\/v2\/types\/post"}],"author":[{"embeddable":true,"href":"https:\/\/www.fuldaernachrichten.de\/index.php?rest_route=\/wp\/v2\/users\/1"}],"replies":[{"embeddable":true,"href":"https:\/\/www.fuldaernachrichten.de\/index.php?rest_route=%2Fwp%2Fv2%2Fcomments&post=160042"}],"version-history":[{"count":1,"href":"https:\/\/www.fuldaernachrichten.de\/index.php?rest_route=\/wp\/v2\/posts\/160042\/revisions"}],"predecessor-version":[{"id":160044,"href":"https:\/\/www.fuldaernachrichten.de\/index.php?rest_route=\/wp\/v2\/posts\/160042\/revisions\/160044"}],"wp:attachment":[{"href":"https:\/\/www.fuldaernachrichten.de\/index.php?rest_route=%2Fwp%2Fv2%2Fmedia&parent=160042"}],"wp:term":[{"taxonomy":"category","embeddable":true,"href":"https:\/\/www.fuldaernachrichten.de\/index.php?rest_route=%2Fwp%2Fv2%2Fcategories&post=160042"},{"taxonomy":"post_tag","embeddable":true,"href":"https:\/\/www.fuldaernachrichten.de\/index.php?rest_route=%2Fwp%2Fv2%2Ftags&post=160042"}],"curies":[{"name":"wp","href":"https:\/\/api.w.org\/{rel}","templated":true}]}}