{"id":160037,"date":"2017-02-09T20:10:19","date_gmt":"2017-02-09T19:10:19","guid":{"rendered":"http:\/\/www.fuldaer-nachrichten.de\/?p=160037"},"modified":"2017-02-09T20:10:19","modified_gmt":"2017-02-09T19:10:19","slug":"save-the-date-fuer-dein-jugendforum-in-der-stadt-fulda","status":"publish","type":"post","link":"https:\/\/www.fuldaernachrichten.de\/?p=160037","title":{"rendered":"Save the date f\u00fcr dein Jugendforum in der Stadt Fulda"},"content":{"rendered":"<p>Das Jugendforum der Stadt Fulda l\u00e4dt Jugendliche von 13 bis 19 Jahren zum n\u00e4chsten Treffen am Samstag, 18. Februar 2017 um 17 Uhr ein in den Kinder- und Jugendtreff \u201eZitrone\u201c (Zitronemannsg\u00e4sschen 2). Es gibt Infos zum Bewegungsparcours, der Fahrt nach Berlin und von einer Gl\u00fccksbotschaft. Au\u00dferdem k\u00f6nnen die Jugendlichen ihre eigene Pizza backen und ein paar neue Spiele ausprobieren. Zeitglich treffen sich die Jugendlichen der Redaktionsgruppe \u201eteen magazin\u201c \u2013 wer Lust hat, Artikel zu schreiben oder gute Fotos machen kann, ist herzlich eigeladen, zum Mitmachen vorbei zu kommen.<br \/>\nAb 19 Uhr k\u00f6nnen alle Interessierten zum Spieletreffen bleiben (www.einfach-nur-spielen.de)<\/p>\n<p>Weitere Infos unter: Jugendbildungswerk Stadt Fulda, Heike M\u00fcnker, Tel: 0661 \/ 1021993<\/p>\n","protected":false},"excerpt":{"rendered":"<div class=\"tmnf_excerpt\"><p>Das Jugendforum der Stadt Fulda l\u00e4dt Jugendliche von 13 bis 19 Jahren zum n\u00e4chsten Treffen am Samstag, 18. Februar 2017 um 17 Uhr ein in den Kinder- und Jugendtreff \u201eZitrone\u201c (Zitronemannsg\u00e4sschen 2). Es gibt Infos zum Bewegungsparcours, der Fahrt nach Berlin und von einer Gl\u00fccksbotschaft. Au\u00dferdem k\u00f6nnen die Jugendlichen ihre eigene Pizza backen und ein &hellip;<\/p>\n<\/div>","protected":false},"author":1,"featured_media":0,"comment_status":"closed","ping_status":"closed","sticky":false,"template":"","format":"standard","meta":{"footnotes":""},"categories":[1],"tags":[],"class_list":["post-160037","post","type-post","status-publish","format-standard","hentry","category-startseite"],"_links":{"self":[{"href":"https:\/\/www.fuldaernachrichten.de\/index.php?rest_route=\/wp\/v2\/posts\/160037","targetHints":{"allow":["GET"]}}],"collection":[{"href":"https:\/\/www.fuldaernachrichten.de\/index.php?rest_route=\/wp\/v2\/posts"}],"about":[{"href":"https:\/\/www.fuldaernachrichten.de\/index.php?rest_route=\/wp\/v2\/types\/post"}],"author":[{"embeddable":true,"href":"https:\/\/www.fuldaernachrichten.de\/index.php?rest_route=\/wp\/v2\/users\/1"}],"replies":[{"embeddable":true,"href":"https:\/\/www.fuldaernachrichten.de\/index.php?rest_route=%2Fwp%2Fv2%2Fcomments&post=160037"}],"version-history":[{"count":1,"href":"https:\/\/www.fuldaernachrichten.de\/index.php?rest_route=\/wp\/v2\/posts\/160037\/revisions"}],"predecessor-version":[{"id":160039,"href":"https:\/\/www.fuldaernachrichten.de\/index.php?rest_route=\/wp\/v2\/posts\/160037\/revisions\/160039"}],"wp:attachment":[{"href":"https:\/\/www.fuldaernachrichten.de\/index.php?rest_route=%2Fwp%2Fv2%2Fmedia&parent=160037"}],"wp:term":[{"taxonomy":"category","embeddable":true,"href":"https:\/\/www.fuldaernachrichten.de\/index.php?rest_route=%2Fwp%2Fv2%2Fcategories&post=160037"},{"taxonomy":"post_tag","embeddable":true,"href":"https:\/\/www.fuldaernachrichten.de\/index.php?rest_route=%2Fwp%2Fv2%2Ftags&post=160037"}],"curies":[{"name":"wp","href":"https:\/\/api.w.org\/{rel}","templated":true}]}}