{"id":160034,"date":"2017-02-09T20:10:57","date_gmt":"2017-02-09T19:10:57","guid":{"rendered":"http:\/\/www.fuldaer-nachrichten.de\/?p=160034"},"modified":"2017-02-09T20:10:57","modified_gmt":"2017-02-09T19:10:57","slug":"pater-sigfrid-kloeckner-verstorben","status":"publish","type":"post","link":"https:\/\/www.fuldaernachrichten.de\/?p=160034","title":{"rendered":"Pater Sigfrid Kl\u00f6ckner verstorben"},"content":{"rendered":"<p>Im 88. Lebensjahr und im 62. Jahr seines Priestertums ist am 7. Februar in Fulda Pater Dr. Sigfrid Erich Kl\u00f6ckner OFM verstorben.<\/p>\n<p>Geboren am 23. Februar 1929 in H\u00f6chst, heute Stadtteil von Gelnhausen, trat er 1949 als Novize in den Franziskanerorden in Bad Soden-Salm\u00fcnster ein. Pater Kl\u00f6ckner war viele Jahre Leiter der Kirchlichen Arbeitsstelle f\u00fcr M\u00e4nnerseelsorge und M\u00e4nnerarbeit in den deutschen Di\u00f6zesen, die ihren Sitz in Fulda hatte. Bis ins hohe Alter gab er vielen Menschen durch Vortr\u00e4ge und Geistliche Tage Orientierung im Glauben und half noch in der Seelsorge in Fulda mit.<\/p>\n<p>Pater Kl\u00f6ckner empfing am 31. Juli 1955 in der Klosterkirche auf dem Frauenberg in Fulda durch den damaligen Weihbischof Adolf Bolte die Priesterweihe. Nach weiteren Studien promovierte er an der Universit\u00e4t Mainz zum Doktor der Theologie. Als Dozent f\u00fcr Moraltheologie lehrte er ab 1962 an den Ordenshochschulen in Fulda und M\u00fcnchen. 1967 \u00fcbernahm er das Amt des Dompredigers in Fulda, 1969 zus\u00e4tzlich das des Referenten f\u00fcr Priesterfortbildung in der Di\u00f6zese. 1970 wurde Pater Kl\u00f6ckner zum Provinzial der damaligen Th\u00fcringischen Franziskanerprovinz mit Sitz in Fulda gew\u00e4hlt. Mit Tatkraft und Energie hat er in diesem Amt seinen Mitbr\u00fcdern in der Heimat und in der Mission gedient. Auf seinem Visitationsreisen suchte er immer wieder die Beziehungen zwischen den fernen Missionsstationen und Fulda lebendig zu halten. Neun Jahre wirkte er als Provinzial und danach noch weitere sechs Jahre als Provinzvikar.<\/p>\n<p>Von 1979 bis 1988 war Pater Kl\u00f6ckner als Rektor des Exerzitienhauses St. Josef in Hofheim im Taunus (Bistum Limburg) t\u00e4tig. Im Januar 1980 wurde er dar\u00fcber hinaus von der Bischofskonferenz zum Leiter der Fuldaer Arbeitsstelle f\u00fcr M\u00e4nnerseelsorge und M\u00e4nnerarbeit in den deutschen Di\u00f6zesen berufen. Bis Ende 1993 \u00fcbte er diese T\u00e4tigkeit aus, zu der nicht zuletzt auch die Vorbereitung der traditionellen j\u00e4hrlichen Haupttagungen in Fulda geh\u00f6rte. Pater Sigfrid hat hier viele Akzente gesetzt und der M\u00e4nnerarbeit vor allem auf theologischem und pastoralem Gebiet Profil verliehen. Von November 1988 bis Dezember 2004 war Pater Kl\u00f6ckner Leiter des Bildungs- und Exerzitienhauses Kloster Salm\u00fcnster. Es war ihm wichtig, dieses Haus zu einer wirklichen St\u00e4tte geistlicher Impulse, pers\u00f6nlicher Wegfindung und Glaubensvertiefung der S\u00fcdregion des Bistums zu machen. Die wachsende Akzeptanz als geistliches Bildungszentrum hat sein Konzept best\u00e4tigt, und von der geistlichen Atmosph\u00e4re des Hauses sind die Besucher immer wieder besonders angetan. Seit dem Weggang der Franziskaner aus Salm\u00fcnster im Dezember 2004 lebte Pater Kl\u00f6ckner im Kloster Frauenberg in Fulda, wo seine theologischen Vortr\u00e4ge regen Zuspruch erfuhren.<\/p>\n<p>Das Requiem f\u00fcr den Verstorbenen findet statt am Montag, 13. Februar, um 10.30 Uhr in der Klosterkirche auf dem Frauenberg in Fulda; anschlie\u00dfend erfolgt die Beisetzung auf dem Klosterfriedhof.<\/p>\n","protected":false},"excerpt":{"rendered":"<div class=\"tmnf_excerpt\"><p>Im 88. Lebensjahr und im 62. Jahr seines Priestertums ist am 7. Februar in Fulda Pater Dr. Sigfrid Erich Kl\u00f6ckner OFM verstorben. Geboren am 23. Februar 1929 in H\u00f6chst, heute Stadtteil von Gelnhausen, trat er 1949 als Novize in den Franziskanerorden in Bad Soden-Salm\u00fcnster ein. Pater Kl\u00f6ckner war viele Jahre Leiter der Kirchlichen Arbeitsstelle f\u00fcr &hellip;<\/p>\n<\/div>","protected":false},"author":1,"featured_media":160038,"comment_status":"closed","ping_status":"closed","sticky":false,"template":"","format":"standard","meta":{"footnotes":""},"categories":[1],"tags":[],"class_list":["post-160034","post","type-post","status-publish","format-standard","has-post-thumbnail","hentry","category-startseite"],"_links":{"self":[{"href":"https:\/\/www.fuldaernachrichten.de\/index.php?rest_route=\/wp\/v2\/posts\/160034","targetHints":{"allow":["GET"]}}],"collection":[{"href":"https:\/\/www.fuldaernachrichten.de\/index.php?rest_route=\/wp\/v2\/posts"}],"about":[{"href":"https:\/\/www.fuldaernachrichten.de\/index.php?rest_route=\/wp\/v2\/types\/post"}],"author":[{"embeddable":true,"href":"https:\/\/www.fuldaernachrichten.de\/index.php?rest_route=\/wp\/v2\/users\/1"}],"replies":[{"embeddable":true,"href":"https:\/\/www.fuldaernachrichten.de\/index.php?rest_route=%2Fwp%2Fv2%2Fcomments&post=160034"}],"version-history":[{"count":1,"href":"https:\/\/www.fuldaernachrichten.de\/index.php?rest_route=\/wp\/v2\/posts\/160034\/revisions"}],"predecessor-version":[{"id":160041,"href":"https:\/\/www.fuldaernachrichten.de\/index.php?rest_route=\/wp\/v2\/posts\/160034\/revisions\/160041"}],"wp:featuredmedia":[{"embeddable":true,"href":"https:\/\/www.fuldaernachrichten.de\/index.php?rest_route=\/wp\/v2\/media\/160038"}],"wp:attachment":[{"href":"https:\/\/www.fuldaernachrichten.de\/index.php?rest_route=%2Fwp%2Fv2%2Fmedia&parent=160034"}],"wp:term":[{"taxonomy":"category","embeddable":true,"href":"https:\/\/www.fuldaernachrichten.de\/index.php?rest_route=%2Fwp%2Fv2%2Fcategories&post=160034"},{"taxonomy":"post_tag","embeddable":true,"href":"https:\/\/www.fuldaernachrichten.de\/index.php?rest_route=%2Fwp%2Fv2%2Ftags&post=160034"}],"curies":[{"name":"wp","href":"https:\/\/api.w.org\/{rel}","templated":true}]}}