{"id":160033,"date":"2017-02-09T20:09:39","date_gmt":"2017-02-09T19:09:39","guid":{"rendered":"http:\/\/www.fuldaer-nachrichten.de\/?p=160033"},"modified":"2017-02-09T20:09:39","modified_gmt":"2017-02-09T19:09:39","slug":"hasenspuren-von-hasen-und-osterhasen-2","status":"publish","type":"post","link":"https:\/\/www.fuldaernachrichten.de\/?p=160033","title":{"rendered":"Hasenspuren &#8211; von Hasen und Osterhasen"},"content":{"rendered":"<p>Gef\u00f6rdert durch das Hessische Ministerium f\u00fcr Umwelt, Klimaschutz, Landwirtschaft und Verbraucherschutz<\/p>\n<p>6. M\u00e4rz bis 23. April 2017<\/p>\n<p>Vom 6. M\u00e4rz bis 23. April 2017 zeigt die Kinder-Akademie Fulda wieder die beliebte Fr\u00fchjahrsausstellung &#8216;Hasenspuren &#8211; von Hasen und Osterhasen&#8217;.<\/p>\n<p>Ziel der Ausstellung &#8216;Hasenspuren&#8217; ist es, die Natur- und Kulturgeschichte des Hasen aufzuzeigen. Die kleinen und gro\u00dfen Besucher sollen den Feldhasen, seine Lebensweise und seinen Lebensraum sowie seine gef\u00e4hrdete Wirklichkeit kennen lernen, ihn vom Kaninchen unterscheiden und den Zusammenhang zwischen dem Hasen und dem Osterfest verstehen lernen. Im gef\u00fchrten Ausstellungsrundgang folgen die Besucher den Hasenspuren von Station zu Station. Sie probieren aus, was der Hase sehen kann, entdecken seine gut versteckte &#8216;Sasse&#8217; und k\u00f6nnen sogar &#8216;Haken&#8217; schlagen.<\/p>\n<p>Aber nat\u00fcrlich hat auch der Osterhase in der Ausstellung Spuren hinterlassen&#8230;<br \/>\nEine besondere \u00dcberraschung wartet im Kaninchenhaus. Dort leben die zahmen Verwandten des Feldhasen.<\/p>\n<p>Eintrittspreise:<br \/>\nAusstellung inkl. Museum 6,00 Euro\/Person<br \/>\nAusstellung ohne Museum 3,00 Euro\/Person (nur Kindertagesst\u00e4tten, Schulen)<\/p>\n<p>Ausstellungsbesuch nur mit F\u00fchrung m\u00f6glich. Anmeldung empfohlen!<br \/>\nF\u00fcr Gruppen und Schulklassen nur nach vorheriger best\u00e4tigter Anmeldung.<\/p>\n<p>\u00d6ffnungszeiten:<br \/>\nMontag bis Freitag 10.00 &#8211; 17.30 Uhr<br \/>\nSamstag\/Sonntag 13.00 &#8211; 17.30 Uhr<\/p>\n<p>\u00d6ffentliche F\u00fchrungen sind:<br \/>\nMontag bis Freitag 15.30 Uhr<br \/>\nSamstag\/Sonntag ab 13.30 bis 16.00 Uhr<\/p>\n<p>An den Osterfeiertagen:<br \/>\nKarfreitag geschlossen<br \/>\nKarsamstag\/Ostersonntag\/Ostermontag\u00c2\u00a0 13.00 &#8211; 17.30 Uhr<\/p>\n","protected":false},"excerpt":{"rendered":"<div class=\"tmnf_excerpt\"><p>Gef\u00f6rdert durch das Hessische Ministerium f\u00fcr Umwelt, Klimaschutz, Landwirtschaft und Verbraucherschutz 6. M\u00e4rz bis 23. April 2017 Vom 6. M\u00e4rz bis 23. April 2017 zeigt die Kinder-Akademie Fulda wieder die beliebte Fr\u00fchjahrsausstellung &#8216;Hasenspuren &#8211; von Hasen und Osterhasen&#8217;. Ziel der Ausstellung &#8216;Hasenspuren&#8217; ist es, die Natur- und Kulturgeschichte des Hasen aufzuzeigen. Die kleinen und gro\u00dfen &hellip;<\/p>\n<\/div>","protected":false},"author":1,"featured_media":0,"comment_status":"closed","ping_status":"closed","sticky":false,"template":"","format":"standard","meta":{"footnotes":""},"categories":[1],"tags":[],"class_list":["post-160033","post","type-post","status-publish","format-standard","hentry","category-startseite"],"_links":{"self":[{"href":"https:\/\/www.fuldaernachrichten.de\/index.php?rest_route=\/wp\/v2\/posts\/160033","targetHints":{"allow":["GET"]}}],"collection":[{"href":"https:\/\/www.fuldaernachrichten.de\/index.php?rest_route=\/wp\/v2\/posts"}],"about":[{"href":"https:\/\/www.fuldaernachrichten.de\/index.php?rest_route=\/wp\/v2\/types\/post"}],"author":[{"embeddable":true,"href":"https:\/\/www.fuldaernachrichten.de\/index.php?rest_route=\/wp\/v2\/users\/1"}],"replies":[{"embeddable":true,"href":"https:\/\/www.fuldaernachrichten.de\/index.php?rest_route=%2Fwp%2Fv2%2Fcomments&post=160033"}],"version-history":[{"count":1,"href":"https:\/\/www.fuldaernachrichten.de\/index.php?rest_route=\/wp\/v2\/posts\/160033\/revisions"}],"predecessor-version":[{"id":160036,"href":"https:\/\/www.fuldaernachrichten.de\/index.php?rest_route=\/wp\/v2\/posts\/160033\/revisions\/160036"}],"wp:attachment":[{"href":"https:\/\/www.fuldaernachrichten.de\/index.php?rest_route=%2Fwp%2Fv2%2Fmedia&parent=160033"}],"wp:term":[{"taxonomy":"category","embeddable":true,"href":"https:\/\/www.fuldaernachrichten.de\/index.php?rest_route=%2Fwp%2Fv2%2Fcategories&post=160033"},{"taxonomy":"post_tag","embeddable":true,"href":"https:\/\/www.fuldaernachrichten.de\/index.php?rest_route=%2Fwp%2Fv2%2Ftags&post=160033"}],"curies":[{"name":"wp","href":"https:\/\/api.w.org\/{rel}","templated":true}]}}