{"id":160028,"date":"2017-02-09T20:09:32","date_gmt":"2017-02-09T19:09:32","guid":{"rendered":"http:\/\/www.fuldaer-nachrichten.de\/?p=160028"},"modified":"2017-02-09T20:09:32","modified_gmt":"2017-02-09T19:09:32","slug":"hessen-caritas-caritasdirektor-dr-markus-juch-uebernimmt-vorstandsvorsitz","status":"publish","type":"post","link":"https:\/\/www.fuldaernachrichten.de\/?p=160028","title":{"rendered":"Hessen-Caritas: Caritasdirektor Dr. Markus Juch \u00fcbernimmt Vorstandsvorsitz"},"content":{"rendered":"<p>Jetzt im Februar geht der Vorsitz der Hessen-Caritas, einer Arbeitsgemeinschaft\u00c2\u00a0 der drei hessischen Di\u00f6zesan-Caritasverb\u00e4nde mit Sitz in Fulda, Limburg und Mainz, wieder f\u00fcr zwei Jahre an den Fuldaer Di\u00f6zesan-Caritasdirektor Dr. Markus Juch.\u00c2\u00a0\u00c2\u00a0 Die Hessen-Caritas ist mit seiner Gesch\u00e4ftsstelle in Wiesbaden direkter Ansprechpartner der hessischen Caritas f\u00fcr Landesregierung und Landespolitik; sie vertritt die sozialpolitischen Positionen des katholischen Wohlfahrtsverbandes und seiner Mitglieder gegen\u00fcber dem Land Hessen, den politischen Parteien und sonstigen f\u00fcr die soziale Arbeit relevanten Gremien im Bundesland. Als Anbieter sozialer Dienstleistungen ist die Hessen-Caritas in zahlreichen Arbeitsfeldern aktiv, um landesweit in \u00fcber 1.000 Caritas-Einrichtungen mit rund 26.000 hauptamtlichen und 32.000 ehrenamtlichen Mitarbeiterinnen und Mitarbeiter hilfebed\u00fcrftige und benachteiligte Menschen zu unterst\u00fctzen. Mit ihren Dienstleistungen erreicht die hessische Caritas etwa 700.000 B\u00fcrgerinnen und B\u00fcrger j\u00e4hrlich.<\/p>\n<p>Der Vorsitz in der Hessen-Caritas wechselt alle zwei Jahre von einem Di\u00f6zesanverband zum n\u00e4chsten und wird vom jeweiligen Caritasdirektor wahrgenommen. Markus Juch hatte diese Aufgabe bereits von 2013 bis 2015 inne.<\/p>\n<p>Als einen Schwerpunkt des Engagements in den kommenden zwei Jahren unter der Fuldaer Federf\u00fchrung\u00c2\u00a0 wird sich Caritasdirektor Juch auf das Thema \u201eWohnraumversorgung\u201c konzentrieren, denn f\u00fcr viele Menschen wird es immer schwieriger, angemessenen und bezahlbaren Wohnraum\u00c2\u00a0 zu finden. \u201eUngeachtet dieses Arbeitsschwerpunktes werden wir uns nat\u00fcrlich jederzeit flexibel auf aktuell sich herauskristallisierende Sozialthemen einstellen und insbesondere auch laufende Sozialgesetzgebungen konstruktiv begleiten\u201c, betont der Fuldaer Caritas-Chef. \u201eWir freuen uns auf die kommenden zwei Jahre, die mit Bundestags- und Landtagswahl auch f\u00fcr die Hessen-Caritas sicher arbeitsreich sein k\u00f6nnen, aber ohne Frage interessante Herausforderungen beinhalten werden, denen wir uns gerne stellen wollen.\u201c<\/p>\n","protected":false},"excerpt":{"rendered":"<div class=\"tmnf_excerpt\"><p>Jetzt im Februar geht der Vorsitz der Hessen-Caritas, einer Arbeitsgemeinschaft\u00c2\u00a0 der drei hessischen Di\u00f6zesan-Caritasverb\u00e4nde mit Sitz in Fulda, Limburg und Mainz, wieder f\u00fcr zwei Jahre an den Fuldaer Di\u00f6zesan-Caritasdirektor Dr. Markus Juch.\u00c2\u00a0\u00c2\u00a0 Die Hessen-Caritas ist mit seiner Gesch\u00e4ftsstelle in Wiesbaden direkter Ansprechpartner der hessischen Caritas f\u00fcr Landesregierung und Landespolitik; sie vertritt die sozialpolitischen Positionen des &hellip;<\/p>\n<\/div>","protected":false},"author":1,"featured_media":160031,"comment_status":"closed","ping_status":"closed","sticky":false,"template":"","format":"standard","meta":{"footnotes":""},"categories":[1],"tags":[],"class_list":["post-160028","post","type-post","status-publish","format-standard","has-post-thumbnail","hentry","category-startseite"],"_links":{"self":[{"href":"https:\/\/www.fuldaernachrichten.de\/index.php?rest_route=\/wp\/v2\/posts\/160028","targetHints":{"allow":["GET"]}}],"collection":[{"href":"https:\/\/www.fuldaernachrichten.de\/index.php?rest_route=\/wp\/v2\/posts"}],"about":[{"href":"https:\/\/www.fuldaernachrichten.de\/index.php?rest_route=\/wp\/v2\/types\/post"}],"author":[{"embeddable":true,"href":"https:\/\/www.fuldaernachrichten.de\/index.php?rest_route=\/wp\/v2\/users\/1"}],"replies":[{"embeddable":true,"href":"https:\/\/www.fuldaernachrichten.de\/index.php?rest_route=%2Fwp%2Fv2%2Fcomments&post=160028"}],"version-history":[{"count":1,"href":"https:\/\/www.fuldaernachrichten.de\/index.php?rest_route=\/wp\/v2\/posts\/160028\/revisions"}],"predecessor-version":[{"id":160035,"href":"https:\/\/www.fuldaernachrichten.de\/index.php?rest_route=\/wp\/v2\/posts\/160028\/revisions\/160035"}],"wp:featuredmedia":[{"embeddable":true,"href":"https:\/\/www.fuldaernachrichten.de\/index.php?rest_route=\/wp\/v2\/media\/160031"}],"wp:attachment":[{"href":"https:\/\/www.fuldaernachrichten.de\/index.php?rest_route=%2Fwp%2Fv2%2Fmedia&parent=160028"}],"wp:term":[{"taxonomy":"category","embeddable":true,"href":"https:\/\/www.fuldaernachrichten.de\/index.php?rest_route=%2Fwp%2Fv2%2Fcategories&post=160028"},{"taxonomy":"post_tag","embeddable":true,"href":"https:\/\/www.fuldaernachrichten.de\/index.php?rest_route=%2Fwp%2Fv2%2Ftags&post=160028"}],"curies":[{"name":"wp","href":"https:\/\/api.w.org\/{rel}","templated":true}]}}