{"id":160014,"date":"2017-02-09T20:07:32","date_gmt":"2017-02-09T19:07:32","guid":{"rendered":"http:\/\/www.fuldaer-nachrichten.de\/?p=160014"},"modified":"2017-02-09T20:07:32","modified_gmt":"2017-02-09T19:07:32","slug":"30-jahre-reisebuero-happ-jubilaeumsmesse-reisefieber-2017-am-19-februar","status":"publish","type":"post","link":"https:\/\/www.fuldaernachrichten.de\/?p=160014","title":{"rendered":"30 Jahre REISEB\u00dcRO HAPP: Jubil\u00e4umsmesse REISEFIEBER 2017 am 19. Februar"},"content":{"rendered":"<p>Bereits zum 11. Mal richtet das REISEB\u00dcRO HAPP die Messe REISEFIEBER zum Jahresbeginn aus. Am Sonntag, 19. Februar um 10 Uhr \u00f6ffnet der Fliedener Reiseveranstalter im Petersberger Propsteihaus die T\u00fcren, um die Reisetrends 2017 sowie ein attraktives Rahmenprogramm zu pr\u00e4sentieren. Der Eintritt zur Veranstaltung ist frei. Im letzten Jahr wurden \u00fcber 7.000 Besucher gez\u00e4hlt, und auch 2017 erwartet das REISEB\u00dcRO HAPP einen gro\u00dfen Besucherandrang.<\/p>\n<p>\u201eSeit 30 Jahren besuchen unsere G\u00e4ste mit uns aufregende Metropolen und herrliche Landschaften. Ob sie lieber den Komfort und Service unserer HAPPclass-Luxusbusse genie\u00dfen oder mit dem Flugzeug oder Schiff andere L\u00e4nder erkunden m\u00f6chten: bei uns k\u00f6nnen sie seit 30 Jahren genau das ausw\u00e4hlen, was am besten zu ihnen passt. Wir wollen mit unserer Reisemesse im Jubil\u00e4umsjahr eine kompakte \u00dcbersicht \u00fcber bew\u00e4hrte und auserlesene Reiseziele bieten und nat\u00fcrlich interessante Anregungen geben\u201c, erkl\u00e4rt die Familie Happ, Inhaber des Reiseb\u00fcros und Initiator von REISEFIEBER 2017. Im Jubil\u00e4umskatalog findet man Gruppenreisen aller Art und in die unterschiedlichsten Zielgebiete. Auch Jubil\u00e4umsreisen, wie z. B. ein Exklusivcharter mit der MS Rossini auf der Donau geh\u00f6ren zum Programm. Der Katalog ist seit Dezember in den HAPP-B\u00fcros in Flieden, Fulda, H\u00fcnfeld und Schl\u00fcchtern erh\u00e4ltlich \u2013 die Highlights daraus werden auf der Reisemesse in eigenen Pr\u00e4sentationen vorgestellt. Neben dem neuen Jahreskatalog sowie dem Tagesfahrtenprogramm f\u00fcr 2017 pr\u00e4sentiert das REISEB\u00dcRO HAPP am Sonntag zahlreiche tolle Sonderangebote, die die Besucher in der speziellen Messezeitung finden.<\/p>\n<p>\u201eVier HAPPclass-Luxusreisebusse und auch der firmeneigene Fahrradanh\u00e4nger lassen sich vor der Messehalle begutachten. So kann man sich schon vor Reisebeginn von der Qualit\u00e4t \u00fcberzeugen. Zwei der Busse werden in diesem Jahr erstmalig f\u00fcr einen kostenfreien Pendelverkehr zwischen den Gro\u00dfparkpl\u00e4tzen am Waidesgrund und an der Landwehr und dem Propsteihaus eingesetzt\u201c, erkl\u00e4rt Winfried Happ aus der Gesch\u00e4ftsf\u00fchrung des Unternehmens.<\/p>\n<p>Ob Tagesfahrt oder Rundreise, durch firmeneigene Reiseleiter ist die Qualit\u00e4t der Betreuung vor Ort immer gew\u00e4hrleistet. Und von deren Fachkunde kann man sich auch bereits auf der Messe \u00fcberzeugen: Ab 10:20 Uhr referieren zahlreiche Reiseleiter und Reiseveranstalter \u00fcber begehrte Reiseziele wie Nordkap, Cornwall, Spanien, Baltikum, Stockholm, Holland, Kalifornien, Kuba, Ostkanada u.v.m. sowie Kreuzfahrten auf den Schiffen von AIDA, TUI Cruises, MSC und Costa oder auch \u00fcber Flusskreuzfahrten und Fahrradreisen.<\/p>\n<p>Neben informativen Messest\u00e4nden und interessanten Reisevortr\u00e4gen erwartet die Besucher eine Tombola mit hochwertigen Reise- und Sachpreisen, wie z. B. eine Reise nach Kenia, Reisegutscheine, Kreuzfahrtgutscheine, hochwertige Busreisen, Freikarten f\u00fcr Musicals, Freizeitparks u.v.m..<\/p>\n<p>Und auch f\u00fcr das leibliche Wohl ist bestens gesorgt. In diesem Jahr begr\u00fc\u00dft Catering Nelles die G\u00e4ste zum ersten Mal mit seinem Team. Es gibt Kaffee und Kuchen im Messecaf\u00e9, das Restaurant \u201eEmma\u00e2\u20ac\u2122s Leibspeisen\u201c im Propsteihaus hat zum Mittagessen sowie zum Nachmittagskaffee ge\u00f6ffnet, und vor dem Eingang erwarten ein Bratwurststand und der einzige Foodtruck Fuldas die Besucher. Kostenlose Parkpl\u00e4tze stehen in der Tiefgarage gegen\u00fcber dem Propsteihaus zur Verf\u00fcgung sowie am Waidesgrundstadion und an der Landwehr (kostenfreier Buspendelverkehr zum Propsteihaus).<\/p>\n<p>Vortr\u00e4ge<br \/>\nKino 1:<br \/>\n10:25 Uhr Sorrent &#8211; Amalfi<br \/>\n11:05 Uhr AIDA Cruises<br \/>\n11:55 Uhr Nordkap &amp; S\u00fcdnorwegen<br \/>\n12:55 Uhr Rom<br \/>\n13:50 Uhr Kuba<br \/>\n14:45 Uhr Donaukreuzfahrten<br \/>\n15:35 Uhr TUI Cruises &#8211; Mein Schiff<br \/>\n16:20 Uhr Cornwall<\/p>\n<p>Kino 2:<br \/>\n10:20 Uhr Andalusien &amp; Costa Azahar<br \/>\n11:00 Uhr Paznauntal<br \/>\n11:40 Uhr London<br \/>\n12:25 Uhr A-ROSA Flusskreuzfahrten<br \/>\n13:10 Uhr Costa Kreuzfahrten<br \/>\n13:55 Uhr Irland<br \/>\n14:50 Uhr Fahrradreisen<br \/>\n15:35 Uhr Baltische Staaten<br \/>\n16:15 Uhr Stockholm<\/p>\n<p>Kino 3:<br \/>\n10:30 Uhr Holland<br \/>\n11:20 Uhr Kalifornien<br \/>\n12:10 Uhr Kuba Kreuzfahrt<br \/>\n13:00 Uhr MSC Kreuzfahrten<br \/>\n13:50 Uhr Ostkanada<br \/>\n14:40 Uhr Kambodscha &amp; Laos<br \/>\n15:30 Uhr Lissabon &amp; Fatima<br \/>\n16:15 Uhr Rad &amp; Schiff Saar\/Mosel<\/p>\n","protected":false},"excerpt":{"rendered":"<div class=\"tmnf_excerpt\"><p>Bereits zum 11. Mal richtet das REISEB\u00dcRO HAPP die Messe REISEFIEBER zum Jahresbeginn aus. Am Sonntag, 19. Februar um 10 Uhr \u00f6ffnet der Fliedener Reiseveranstalter im Petersberger Propsteihaus die T\u00fcren, um die Reisetrends 2017 sowie ein attraktives Rahmenprogramm zu pr\u00e4sentieren. Der Eintritt zur Veranstaltung ist frei. Im letzten Jahr wurden \u00fcber 7.000 Besucher gez\u00e4hlt, und &hellip;<\/p>\n<\/div>","protected":false},"author":1,"featured_media":0,"comment_status":"closed","ping_status":"closed","sticky":false,"template":"","format":"standard","meta":{"footnotes":""},"categories":[1],"tags":[],"class_list":["post-160014","post","type-post","status-publish","format-standard","hentry","category-startseite"],"_links":{"self":[{"href":"https:\/\/www.fuldaernachrichten.de\/index.php?rest_route=\/wp\/v2\/posts\/160014","targetHints":{"allow":["GET"]}}],"collection":[{"href":"https:\/\/www.fuldaernachrichten.de\/index.php?rest_route=\/wp\/v2\/posts"}],"about":[{"href":"https:\/\/www.fuldaernachrichten.de\/index.php?rest_route=\/wp\/v2\/types\/post"}],"author":[{"embeddable":true,"href":"https:\/\/www.fuldaernachrichten.de\/index.php?rest_route=\/wp\/v2\/users\/1"}],"replies":[{"embeddable":true,"href":"https:\/\/www.fuldaernachrichten.de\/index.php?rest_route=%2Fwp%2Fv2%2Fcomments&post=160014"}],"version-history":[{"count":1,"href":"https:\/\/www.fuldaernachrichten.de\/index.php?rest_route=\/wp\/v2\/posts\/160014\/revisions"}],"predecessor-version":[{"id":160022,"href":"https:\/\/www.fuldaernachrichten.de\/index.php?rest_route=\/wp\/v2\/posts\/160014\/revisions\/160022"}],"wp:attachment":[{"href":"https:\/\/www.fuldaernachrichten.de\/index.php?rest_route=%2Fwp%2Fv2%2Fmedia&parent=160014"}],"wp:term":[{"taxonomy":"category","embeddable":true,"href":"https:\/\/www.fuldaernachrichten.de\/index.php?rest_route=%2Fwp%2Fv2%2Fcategories&post=160014"},{"taxonomy":"post_tag","embeddable":true,"href":"https:\/\/www.fuldaernachrichten.de\/index.php?rest_route=%2Fwp%2Fv2%2Ftags&post=160014"}],"curies":[{"name":"wp","href":"https:\/\/api.w.org\/{rel}","templated":true}]}}