{"id":160013,"date":"2017-02-09T20:05:54","date_gmt":"2017-02-09T19:05:54","guid":{"rendered":"http:\/\/www.fuldaer-nachrichten.de\/?p=160013"},"modified":"2017-02-09T20:05:54","modified_gmt":"2017-02-09T19:05:54","slug":"wieder-rotmilankartierung-in-den-rhoener-landkreisen","status":"publish","type":"post","link":"https:\/\/www.fuldaernachrichten.de\/?p=160013","title":{"rendered":"Wieder Rotmilankartierung in den Rh\u00f6ner Landkreisen"},"content":{"rendered":"<p>Im &#8220;Artenhilfsprojekt Rotmilan Rh\u00f6n\u201c werden, wie auch in den letzten Jahren schon, zwischen M\u00e4rz und Juli in der Kulisse der Rh\u00f6ner Landkreise wieder Rotmilane erfasst. Die Gebietskulisse des Rotmilanprojekts ist die der Arbeitsgemeinschaft der Rh\u00f6ner Landkreise mit rund 4.900 km\u00c2\u00b2 Gr\u00f6\u00dfe. Sie beinhaltet l\u00e4nder\u00fcbergreifend in Hessen die Landkreise Fulda, die Gemeinden Friedewald, Hohenroda und Schenklengsfeld im Landkreis Hersfeld-Rotenburg; in Bayern die Landkreise Rh\u00f6n-Grabfeld und Bad Kissingen sowie in Th\u00fcringen die westliche der Werra gelegenen Rh\u00f6nbereiche der Landkreise Schmalkalden-Meiningen und Wartburgkreis.<\/p>\n<p>Organisiert wird die Kartierung, an der sich sicher auch in diesem Jahr wieder zahlreiche Ehrenamtliche beteiligen, durch das Biosph\u00e4renreservat Rh\u00f6n in Zusammenarbeit mit den Naturschutzbeh\u00f6rden sowie den Staatlichen Vogelschutzwarten der drei Bundesl\u00e4nder. Bereits bei der Kartierung 2016 haben sich 170 Ehrenamtliche beteiligt und zu einem wertvollen Erkenntnisgewinn beigetragen.<\/p>\n<p>Natursch\u00fctzer, J\u00e4ger und Vogelfreunde, die sich an der diesj\u00e4hrigen Kartierung beteiligen m\u00f6chten, werden vom Biosph\u00e4renreservat zu einer Fortbildung und Informationsveranstaltung eingeladen:<\/p>\n<p>Am Montag, den 13. Februar findet die Auftaktveranstaltung f\u00fcr Hessen um 18.00 Uhr im Umweltzentrum Fulda, Johannisstrasse 44 in 36041 Fulda statt. In Bayern werden zwei Veranstaltungen angeboten. Am Dienstag, den 14. Februar treffen sich die Kartierer um 18.00 Uhr im Rh\u00f6niversum, Auweg 1, in 97656 Oberelsbach und am Donnerstag, den 9. M\u00e4rz um 19.00 Uhr im Landkreis Bad Kissingen im Hotel Rh\u00f6ner Land in 97723 Oberthulba.<br \/>\nDie Infoveranstaltungen f\u00fcr die Th\u00fcringer Rotmilanfreunde findet am Freitag, den 17.02. um 18.00 Uhr in der Th\u00fcringischen Verwaltungsstelle des Biosph\u00e4renreservats, Goethestr. 1, in Zella\/Rh\u00f6n statt. Als Gastreferent wird an den Terminen in Fulda, Zella und Bad Kissingen jeweils der Biologe, Rotmilanexperte und Vorstandsmitglied vom Dachverband Deutscher Avifaunisten, Stefan St\u00fcbing teilnehmen und \u00fcber aktuelle Erkenntnisse der Rotmilanforschung berichten. Im Zuge der Veranstaltungen sollen auch die einzelnen Kartiergebiete wie in den Vorjahren unter den ehrenamtlichen Mitstreitern aufgeteilt werden. Wichtig ist auch der Erfahrungsaustausch der Akteure untereinander.<\/p>\n<p>Im Rahmen der Veranstaltungen wird sich auch der neue Rotmilan-Projektleiter Julian Oymanns vorstellen, der seit Mitte Januar das Projekt \u00fcbernommen hat. Julian Oymanns ist Wildtierbiologe und bringt interessante Projekterfahrungen zum Rotmilan mit, da er im vergangenen Jahr in einem Schweizer Forschungsprojekt zum Rotmilan war.<\/p>\n<p>Das Biosph\u00e4renreservat weist in mit Blick auf die neue Kartiersaison darauf hin, dass von den Ehrenamtlichen f\u00fcr die Erfassung der Rotmilane in den einzelnen Kommunen auch Gemeinde- und in Ausnahmef\u00e4llen auch Feld- und Forstwege befahren werden. Die Projektleitung bittet diesbez\u00fcglich um Verst\u00e4ndnis. Die geschulten und legitimierten Kartierer sind mit einem \u201eHinweisschild\u201c zur Kennzeichnung des Pkws ausgestattet. Beginn der Kartierung ist Anfang M\u00e4rz.<\/p>\n<p>\u00dcber 50 % des ausschlie\u00dflich in Europa vorkommenden Rotmilans br\u00fcten in Deutschland. Die Bundesrepublik Deutschland hat somit eine besondere Verantwortung f\u00fcr den Schutz und die Erhaltung dieses eleganten Greifvogels. Mit dem mehrj\u00e4hrigen u. a. aus Bundesmitteln finanzierten Projekt versucht man in der Kulisse der Rh\u00f6n, die Lebensbedingungen f\u00fcr den Rotmilan zu verbessern und so dem bundesweiten Bestandsr\u00fcckgang von etwa einem Drittel seit den 1990er Jahren entgegen zu wirken. Neben der Erfassung der Best\u00e4nde geh\u00f6rt zum Projekt die Verbesserung der Lebensr\u00e4ume, der Schutz der Horste und eine begleitende Informations- und \u00d6ffentlichkeitsarbeit. Die Rh\u00f6n beherbergt in den Sommermonaten mindestens ein Prozent der Weltpopulation der Art und ist damit eines der wichtigsten Verbreitungszentren.<\/p>\n","protected":false},"excerpt":{"rendered":"<div class=\"tmnf_excerpt\"><p>Im &#8220;Artenhilfsprojekt Rotmilan Rh\u00f6n\u201c werden, wie auch in den letzten Jahren schon, zwischen M\u00e4rz und Juli in der Kulisse der Rh\u00f6ner Landkreise wieder Rotmilane erfasst. Die Gebietskulisse des Rotmilanprojekts ist die der Arbeitsgemeinschaft der Rh\u00f6ner Landkreise mit rund 4.900 km\u00c2\u00b2 Gr\u00f6\u00dfe. Sie beinhaltet l\u00e4nder\u00fcbergreifend in Hessen die Landkreise Fulda, die Gemeinden Friedewald, Hohenroda und Schenklengsfeld &hellip;<\/p>\n<\/div>","protected":false},"author":1,"featured_media":0,"comment_status":"closed","ping_status":"closed","sticky":false,"template":"","format":"standard","meta":{"footnotes":""},"categories":[1],"tags":[],"class_list":["post-160013","post","type-post","status-publish","format-standard","hentry","category-startseite"],"_links":{"self":[{"href":"https:\/\/www.fuldaernachrichten.de\/index.php?rest_route=\/wp\/v2\/posts\/160013","targetHints":{"allow":["GET"]}}],"collection":[{"href":"https:\/\/www.fuldaernachrichten.de\/index.php?rest_route=\/wp\/v2\/posts"}],"about":[{"href":"https:\/\/www.fuldaernachrichten.de\/index.php?rest_route=\/wp\/v2\/types\/post"}],"author":[{"embeddable":true,"href":"https:\/\/www.fuldaernachrichten.de\/index.php?rest_route=\/wp\/v2\/users\/1"}],"replies":[{"embeddable":true,"href":"https:\/\/www.fuldaernachrichten.de\/index.php?rest_route=%2Fwp%2Fv2%2Fcomments&post=160013"}],"version-history":[{"count":1,"href":"https:\/\/www.fuldaernachrichten.de\/index.php?rest_route=\/wp\/v2\/posts\/160013\/revisions"}],"predecessor-version":[{"id":160016,"href":"https:\/\/www.fuldaernachrichten.de\/index.php?rest_route=\/wp\/v2\/posts\/160013\/revisions\/160016"}],"wp:attachment":[{"href":"https:\/\/www.fuldaernachrichten.de\/index.php?rest_route=%2Fwp%2Fv2%2Fmedia&parent=160013"}],"wp:term":[{"taxonomy":"category","embeddable":true,"href":"https:\/\/www.fuldaernachrichten.de\/index.php?rest_route=%2Fwp%2Fv2%2Fcategories&post=160013"},{"taxonomy":"post_tag","embeddable":true,"href":"https:\/\/www.fuldaernachrichten.de\/index.php?rest_route=%2Fwp%2Fv2%2Ftags&post=160013"}],"curies":[{"name":"wp","href":"https:\/\/api.w.org\/{rel}","templated":true}]}}