{"id":160004,"date":"2017-02-09T20:03:56","date_gmt":"2017-02-09T19:03:56","guid":{"rendered":"http:\/\/www.fuldaer-nachrichten.de\/?p=160004"},"modified":"2017-02-09T20:24:24","modified_gmt":"2017-02-09T19:24:24","slug":"borderline-selbsthilfegruppe-fulda-gegruendet","status":"publish","type":"post","link":"https:\/\/www.fuldaernachrichten.de\/?p=160004","title":{"rendered":"Borderline-Selbsthilfegruppe Fulda gegr\u00fcndet"},"content":{"rendered":"<p>Der Zusammenschluss in einer Selbsthilfegruppe kann den Betroffenen Mut machen, sich zu ihrer Leidensgeschichte zu bekennen. Sie m\u00fcssen nicht l\u00e4nger alleine mit ihren Problemen zurechtkommen, sondern finden Halt, Unterst\u00fctzung und Zuspruch bei anderen, denen es \u00e4hnlich geht. Dies gilt besonders f\u00fcr Krankheiten mit einem vielschichtigen und h\u00e4ufig unklaren Beschwerdebild. Borderline ist so eine Krankheit, mit der die breite \u00d6ffentlichkeit nur wenig anzufangen wei\u00df.<\/p>\n<p>Bei dieser psychischen Erkrankung handelt es sich um eine Pers\u00f6nlichkeitsst\u00f6rung, deren Beginn schon im Kindesalter liegen kann und die sich in den verschiedenen Lebensbereichen manifestiert. Typisch f\u00fcr das Krankheitsbild sind eine tiefgreifende Impulsivit\u00e4t und Instabilit\u00e4t in zwischenmenschlichen Beziehungen, im Selbstbild und in den Affekten. Die Betroffenen leiden unter teils heftigen Gef\u00fchls- und Stimmungsschwankungen. Hinzu k\u00f6nnen massive Verlassenheits\u00e4ngste, Schuldgef\u00fchlt, Panik, Wut und auch Selbstverletzungen kommen.<\/p>\n<p>Zu den Menschen mit Borderline, die auch als St\u00f6rung in der Emotionsregulation bezeichnet wird, geh\u00f6rt Detlev Falkenhahn. Ausl\u00f6ser seiner Erkrankung, die erst sehr viel sp\u00e4ter erkannt und behandelt wurde, war ein schwerer Unfall vor fast drei\u00dfig Jahren, der f\u00fcr ihn zum Trauma wurde. Durch die damit verbundenen wirtschaftlichen und sozialen Folgen ist er zum Fr\u00fchrentner geworden. Heute geht es dem 49-J\u00e4hrigen aus dem Petersberger Ortsteil Steinau besser, nachdem er im Klinikum Fulda Hilfe in der dialektisch-behavioralen Therapie (\u201eDBT\u201c) gefunden hat.<\/p>\n<p>DBT zielt auf das Bewusstmachen von Gedanken, Wahrnehmungen, Gef\u00fchlen und Erinnerungen ab. Diese werden auf ihre Angemessenheit \u00fcberpr\u00fcft und gegebenenfalls neu bewertet. Zur Vertiefung der in der Einzeltherapie gewonnenen Einsichten muss man sich die als angemessen erkannten Verhaltensmuster (\u201eSkills\u201c) immer wieder vor Augen f\u00fchren und ein\u00fcben. Deshalb gibt es im Klinikum eine Skill-Gruppe, die einem dabei helfen kann und an der auch Detlev Falkenhahn teilnimmt. Denn er bemerkte rasch, dass er die Krankheit nicht alleine bew\u00e4ltigen konnte und wollte.<\/p>\n<p>Deshalb gr\u00fcndete Detlev Falkenhahn im April 2016 eine Borderline-Selbsthilfegruppe, der schon mehrere Personen angeh\u00f6ren, von denen einige Erfahrungen mit DBT\u00c2\u00a0 und Skill-Gruppen mitbringen. Zielsetzung der Borderline-Selbsthilfegruppe Fulda ist es, sich der \u00d6ffentlichkeit bekannt zu machen und dadurch Betroffenen wie Angeh\u00f6rigen Rat und Hilfestellung anzubieten. Die Mitglieder treffen sich jeden ersten, zweiten und vierten Donnerstag im Monat von 17 bis 19 Uhr im Selbsthilfeb\u00fcro Osthessen, Petersberger Str. 21 (3.Sock). Weitere Interessenten sind jederzeit willkommen.<\/p>\n<p>Kontakt<br \/>\nTelefon 0152\/24348710 (Lucky), 0661\/20091046 (Susi), E-Mail Borderline-selbsthilfegruppe.fulda@mail.de.<\/p>\n","protected":false},"excerpt":{"rendered":"<div class=\"tmnf_excerpt\"><p>Der Zusammenschluss in einer Selbsthilfegruppe kann den Betroffenen Mut machen, sich zu ihrer Leidensgeschichte zu bekennen. Sie m\u00fcssen nicht l\u00e4nger alleine mit ihren Problemen zurechtkommen, sondern finden Halt, Unterst\u00fctzung und Zuspruch bei anderen, denen es \u00e4hnlich geht. Dies gilt besonders f\u00fcr Krankheiten mit einem vielschichtigen und h\u00e4ufig unklaren Beschwerdebild. Borderline ist so eine Krankheit, mit &hellip;<\/p>\n<\/div>","protected":false},"author":1,"featured_media":0,"comment_status":"closed","ping_status":"closed","sticky":false,"template":"","format":"standard","meta":{"footnotes":""},"categories":[1],"tags":[],"class_list":["post-160004","post","type-post","status-publish","format-standard","hentry","category-startseite"],"_links":{"self":[{"href":"https:\/\/www.fuldaernachrichten.de\/index.php?rest_route=\/wp\/v2\/posts\/160004","targetHints":{"allow":["GET"]}}],"collection":[{"href":"https:\/\/www.fuldaernachrichten.de\/index.php?rest_route=\/wp\/v2\/posts"}],"about":[{"href":"https:\/\/www.fuldaernachrichten.de\/index.php?rest_route=\/wp\/v2\/types\/post"}],"author":[{"embeddable":true,"href":"https:\/\/www.fuldaernachrichten.de\/index.php?rest_route=\/wp\/v2\/users\/1"}],"replies":[{"embeddable":true,"href":"https:\/\/www.fuldaernachrichten.de\/index.php?rest_route=%2Fwp%2Fv2%2Fcomments&post=160004"}],"version-history":[{"count":2,"href":"https:\/\/www.fuldaernachrichten.de\/index.php?rest_route=\/wp\/v2\/posts\/160004\/revisions"}],"predecessor-version":[{"id":160011,"href":"https:\/\/www.fuldaernachrichten.de\/index.php?rest_route=\/wp\/v2\/posts\/160004\/revisions\/160011"}],"wp:attachment":[{"href":"https:\/\/www.fuldaernachrichten.de\/index.php?rest_route=%2Fwp%2Fv2%2Fmedia&parent=160004"}],"wp:term":[{"taxonomy":"category","embeddable":true,"href":"https:\/\/www.fuldaernachrichten.de\/index.php?rest_route=%2Fwp%2Fv2%2Fcategories&post=160004"},{"taxonomy":"post_tag","embeddable":true,"href":"https:\/\/www.fuldaernachrichten.de\/index.php?rest_route=%2Fwp%2Fv2%2Ftags&post=160004"}],"curies":[{"name":"wp","href":"https:\/\/api.w.org\/{rel}","templated":true}]}}