{"id":159995,"date":"2017-02-07T20:23:07","date_gmt":"2017-02-07T19:23:07","guid":{"rendered":"http:\/\/www.fuldaer-nachrichten.de\/?p=159995"},"modified":"2017-02-07T20:23:14","modified_gmt":"2017-02-07T19:23:14","slug":"drei-kilometer-regalflaeche-bibliothek-des-priesterseminars-neues-magazin-fuer-weitere-buecher","status":"publish","type":"post","link":"https:\/\/www.fuldaernachrichten.de\/?p=159995","title":{"rendered":"Drei Kilometer Regalfl\u00e4che &#8211; Bibliothek des Priesterseminars: Neues Magazin f\u00fcr weitere B\u00fccher"},"content":{"rendered":"<p><a href=\"http:\/\/www.fuldaer-nachrichten.de\/wp-content\/uploads\/2017\/02\/IMG_6271x-Kopie-e1486495382921.jpg\"><img fetchpriority=\"high\" decoding=\"async\" class=\"alignleft size-thumbnail wp-image-160002\" src=\"http:\/\/www.fuldaer-nachrichten.de\/wp-content\/uploads\/2017\/02\/IMG_6271x-Kopie-e1486495382921-265x398.jpg\" alt=\"\" width=\"265\" height=\"398\" srcset=\"https:\/\/www.fuldaernachrichten.de\/wp-content\/uploads\/2017\/02\/IMG_6271x-Kopie-e1486495382921-265x398.jpg 265w, https:\/\/www.fuldaernachrichten.de\/wp-content\/uploads\/2017\/02\/IMG_6271x-Kopie-e1486495382921-176x265.jpg 176w, https:\/\/www.fuldaernachrichten.de\/wp-content\/uploads\/2017\/02\/IMG_6271x-Kopie-e1486495382921-399x600.jpg 399w, https:\/\/www.fuldaernachrichten.de\/wp-content\/uploads\/2017\/02\/IMG_6271x-Kopie-e1486495382921.jpg 599w\" sizes=\"(max-width: 265px) 100vw, 265px\" \/><\/a>Der Platz f\u00fcr B\u00fccher wurde eng in der Bibliothek des Fuldaer Priesterseminars. Das \u00e4ndert sich mit dem neuen Magazin unter dem Dach des S\u00fcdfl\u00fcgels des historischen Geb\u00e4udes. Die drei Kilometer Regalfl\u00e4che bieten Raum f\u00fcr viel Gedrucktes.<\/p>\n<p>Noch sind die hellgrauen Metallregale des Magazins leer. Der Raum unter dem Dach wirkt dennoch imposant auf den Betrachter. Die Regale sind in die Dachschr\u00e4ge hineingestellt. Das bedeutet: Die h\u00f6chsten und damit schwersten Regale stehen in der Mitte. \u201eF\u00fcr die Bauphysik ist das eine Herausforderung\u201c, betont Di\u00f6zesanbaumeister Dr. Burghard Preusler. Die L\u00f6sung: Durch zw\u00f6lf gro\u00dfe Stahlgebinde wird die Last der Regale von den Au\u00dfenw\u00e4nden getragen.<\/p>\n<p>Im Zweiten Weltkrieg wurde der Dachstuhl des S\u00fcdfl\u00fcgels zerst\u00f6rt. Beim Wiederaufbau wurden Stahlbr\u00fccken verwendet. Dadurch ist der Dachraum h\u00f6her als in den anderen Fl\u00fcgeln des Priesterseminars \u2013 ein Vorteil gegen\u00fcber den Dachst\u00fchlen der anderen Fl\u00fcgel.<\/p>\n<p>Als Zugang zu dem neuen Magazin dient ein Aufzug. Er bef\u00f6rderte bisher Menschen vom Erdgeschoss bis ins zweite Obergeschoss. Der Fahrstuhl wurde f\u00fcr das Magazin der Bibliothek um ein Stockwerk erweitert. Das erm\u00f6glicht es, dass nun B\u00fccher \u00fcber den Fahrstuhl transportiert werden.<\/p>\n<p>F\u00fcr den Erhalt der B\u00fccher muss auf die richtige Temperatur im Raum geachtet werden. \u201eSie darf nicht k\u00e4lter als 14 Grad werden und nicht w\u00e4rmer als 22 Grad. Im Sommer eine Herausforderung unter dem Dachstuhl\u201c, erl\u00e4utert Architektin Susanne Wartzeck, eine der Planerinnen. Geachtet wurde auch auf den Brandschutz \u2013 n\u00f6tig bei soviel Papier unter dem Dachstuhl.<\/p>\n<p>Insgesamt kostete die Bauma\u00dfnahme 1,4 Millionen Euro. Preusler weist darauf hin, dass diese Summe von mehreren Gremien, so auch vom Kirchensteuerrat, hinterfragt worden. Bei der Bibliothek und ihren B\u00fcchern handle es sich vor allem um ein kulturelles Erbe. Dieses begann 774 mit der Gr\u00fcndung des \u201eB\u00fccherfreundes\u201c Bonifatius. \u201eDie Bibliothek hat seit 1273 Jahren Bestand. Ziel ist es, ihr eine lebendige Zukunft zu bieten\u201c, betont der Di\u00f6zesanbaumeister.<\/p>\n<p>Die Aufgaben der Bibliothek des Priesterseminars haben sich in den vergangenen 25 Jahren ge\u00e4ndert. So ist die Zahl der Ver\u00f6ffentlichungen im Buchbereich gestiegen. Darauf muss die Hauptbibliothek der Theo-logischen Fakult\u00e4t Fulda reagieren, will sie ihren Auftrag als Fachbibliothek des Bistums wahrnehmen. Der Bestand liegt derzeit laut Bibliotheksdirektorin Dr. Alessandra Sorbello Staub bei 350 000 B\u00fcchern. Sie sind aufgeteilt auf nun insgesamt f\u00fcnf Magazine im Priesterseminar.<\/p>\n<p>Aber nicht nur durch Neuerscheinungen auf dem Buchmarkt w\u00e4chst die Zahl des Bestands. Die Leiterin der Einrichtung weist darauf hin, dass auch die Best\u00e4nde aus anderen historischen Bibliotheken im Priesterseminar eine neue Heimat finden. Da nennt sie an erster Stelle die Bibliothek des Fuldaer Klosters Frauenberg. \u201eDort gibt es wertvolle Handschriften\u201c, wei\u00df Sorbello Staub. Best\u00e4nde aus dem Kloster der H\u00fcnfelder Oblaten werden\u00c2\u00a0 ebenso nach Fulda gebracht. Dies gilt auch f\u00fcr die Best\u00e4nde in Rasdorf.<\/p>\n<p>Bild: Schl\u00fcssel\u00fcbergabe: (von links) Professor Christoph Gregor M\u00fcller, Alessandra Sorbello Staub, Regens Dirk G\u00e4rtner Susanne Wartzeck und .Architekt J\u00f6rg Sturm.<\/p>\n","protected":false},"excerpt":{"rendered":"<div class=\"tmnf_excerpt\"><p>Der Platz f\u00fcr B\u00fccher wurde eng in der Bibliothek des Fuldaer Priesterseminars. Das \u00e4ndert sich mit dem neuen Magazin unter dem Dach des S\u00fcdfl\u00fcgels des historischen Geb\u00e4udes. Die drei Kilometer Regalfl\u00e4che bieten Raum f\u00fcr viel Gedrucktes. Noch sind die hellgrauen Metallregale des Magazins leer. Der Raum unter dem Dach wirkt dennoch imposant auf den Betrachter. &hellip;<\/p>\n<\/div>","protected":false},"author":1,"featured_media":160001,"comment_status":"closed","ping_status":"closed","sticky":false,"template":"","format":"standard","meta":{"footnotes":""},"categories":[1],"tags":[],"class_list":["post-159995","post","type-post","status-publish","format-standard","has-post-thumbnail","hentry","category-startseite"],"_links":{"self":[{"href":"https:\/\/www.fuldaernachrichten.de\/index.php?rest_route=\/wp\/v2\/posts\/159995","targetHints":{"allow":["GET"]}}],"collection":[{"href":"https:\/\/www.fuldaernachrichten.de\/index.php?rest_route=\/wp\/v2\/posts"}],"about":[{"href":"https:\/\/www.fuldaernachrichten.de\/index.php?rest_route=\/wp\/v2\/types\/post"}],"author":[{"embeddable":true,"href":"https:\/\/www.fuldaernachrichten.de\/index.php?rest_route=\/wp\/v2\/users\/1"}],"replies":[{"embeddable":true,"href":"https:\/\/www.fuldaernachrichten.de\/index.php?rest_route=%2Fwp%2Fv2%2Fcomments&post=159995"}],"version-history":[{"count":1,"href":"https:\/\/www.fuldaernachrichten.de\/index.php?rest_route=\/wp\/v2\/posts\/159995\/revisions"}],"predecessor-version":[{"id":160003,"href":"https:\/\/www.fuldaernachrichten.de\/index.php?rest_route=\/wp\/v2\/posts\/159995\/revisions\/160003"}],"wp:featuredmedia":[{"embeddable":true,"href":"https:\/\/www.fuldaernachrichten.de\/index.php?rest_route=\/wp\/v2\/media\/160001"}],"wp:attachment":[{"href":"https:\/\/www.fuldaernachrichten.de\/index.php?rest_route=%2Fwp%2Fv2%2Fmedia&parent=159995"}],"wp:term":[{"taxonomy":"category","embeddable":true,"href":"https:\/\/www.fuldaernachrichten.de\/index.php?rest_route=%2Fwp%2Fv2%2Fcategories&post=159995"},{"taxonomy":"post_tag","embeddable":true,"href":"https:\/\/www.fuldaernachrichten.de\/index.php?rest_route=%2Fwp%2Fv2%2Ftags&post=159995"}],"curies":[{"name":"wp","href":"https:\/\/api.w.org\/{rel}","templated":true}]}}