{"id":159987,"date":"2017-02-07T20:21:32","date_gmt":"2017-02-07T19:21:32","guid":{"rendered":"http:\/\/www.fuldaer-nachrichten.de\/?p=159987"},"modified":"2017-02-07T20:21:32","modified_gmt":"2017-02-07T19:21:32","slug":"auf-kommunaler-ebene-nur-begrenzter-einfluss-auf-ausbau-der-elektromobilitaet","status":"publish","type":"post","link":"https:\/\/www.fuldaernachrichten.de\/?p=159987","title":{"rendered":"Auf kommunaler Ebene nur begrenzter Einfluss auf Ausbau der Elektromobilit\u00e4t"},"content":{"rendered":"<p>Im Landkreis Fulda sind derzeit 67 Elektroautos angemeldet, davon wurden 15 Fahrzeuge in 2016 zugelassen. Au\u00dferdem gibt es 9 Stromtankstellen. Diese Zahlen nannte Landrat Bernd Woide in der Sitzung des Kreistagsausschusses f\u00fcr Wirtschaft. Planung und Verkehr.<\/p>\n<p>Die Stromtankstellen befinden sich nach Angaben von Landrat Woide beim Kreishaus in Fulda, an drei weiteren Standorten im Stadtgebiet (Parkhaus Q-Park Universit\u00e4tsplatz, Autohaus Sorg Kreuzbergstra\u00dfe, Autohaus Krah und Enders Frankfurter Stra\u00dfe), bei den Gemeindeverwaltungen in Burghaun, Eichenzell und K\u00fcnzell, beim Rh\u00f6n-Info-Zentrum auf der Wasserkuppe sowie in der Hans-Gutmann-Stra\u00dfe in Gersfeld.<\/p>\n<p>Keine Kenntnis habe die Kreisverwaltung, ob es konkrete Planungen f\u00fcr weitere Stromtankstellen im Landkreis gebe, so Woide. Die M\u00f6glichkeiten, Einfluss auf die Erweiterung des Tankstellennetzes zu nehmen, seien \u00e4u\u00dferst gering. Allerdings solle noch in diesem Jahr ein F\u00f6rderprogramm des Bundes f\u00fcr den Ausbau der Ladeinfrastruktur verabschiedet und mit einem F\u00f6rdervolumen von 300 Millionen Euro ausgestattet werden.<br \/>\nDer Landrat wies erg\u00e4nzend darauf hin, dass seit dem vergangenen Jahr Kaufpr\u00e4mien beim Erwerb von elektrobetriebenen beziehungsweise \u2013unterst\u00fctzten Neufahrzeugen gezahlt w\u00fcrden. Diese beliefen sich f\u00fcr reine Elektroautos auf 4.000 Euro und f\u00fcr Fahrzeuge mit Hybridmotor auf 3.000 Euro. Das Gesamtf\u00f6rdervolumen betrage 3,2 Milliarden Euro, wovon Bund\u00c2\u00a0 und Automobilindustrie jeweils die H\u00e4lfte \u00fcbernehmen w\u00fcrden.<\/p>\n","protected":false},"excerpt":{"rendered":"<div class=\"tmnf_excerpt\"><p>Im Landkreis Fulda sind derzeit 67 Elektroautos angemeldet, davon wurden 15 Fahrzeuge in 2016 zugelassen. Au\u00dferdem gibt es 9 Stromtankstellen. Diese Zahlen nannte Landrat Bernd Woide in der Sitzung des Kreistagsausschusses f\u00fcr Wirtschaft. Planung und Verkehr. Die Stromtankstellen befinden sich nach Angaben von Landrat Woide beim Kreishaus in Fulda, an drei weiteren Standorten im Stadtgebiet &hellip;<\/p>\n<\/div>","protected":false},"author":1,"featured_media":159996,"comment_status":"closed","ping_status":"closed","sticky":false,"template":"","format":"standard","meta":{"footnotes":""},"categories":[1],"tags":[],"class_list":["post-159987","post","type-post","status-publish","format-standard","has-post-thumbnail","hentry","category-startseite"],"_links":{"self":[{"href":"https:\/\/www.fuldaernachrichten.de\/index.php?rest_route=\/wp\/v2\/posts\/159987","targetHints":{"allow":["GET"]}}],"collection":[{"href":"https:\/\/www.fuldaernachrichten.de\/index.php?rest_route=\/wp\/v2\/posts"}],"about":[{"href":"https:\/\/www.fuldaernachrichten.de\/index.php?rest_route=\/wp\/v2\/types\/post"}],"author":[{"embeddable":true,"href":"https:\/\/www.fuldaernachrichten.de\/index.php?rest_route=\/wp\/v2\/users\/1"}],"replies":[{"embeddable":true,"href":"https:\/\/www.fuldaernachrichten.de\/index.php?rest_route=%2Fwp%2Fv2%2Fcomments&post=159987"}],"version-history":[{"count":1,"href":"https:\/\/www.fuldaernachrichten.de\/index.php?rest_route=\/wp\/v2\/posts\/159987\/revisions"}],"predecessor-version":[{"id":159997,"href":"https:\/\/www.fuldaernachrichten.de\/index.php?rest_route=\/wp\/v2\/posts\/159987\/revisions\/159997"}],"wp:featuredmedia":[{"embeddable":true,"href":"https:\/\/www.fuldaernachrichten.de\/index.php?rest_route=\/wp\/v2\/media\/159996"}],"wp:attachment":[{"href":"https:\/\/www.fuldaernachrichten.de\/index.php?rest_route=%2Fwp%2Fv2%2Fmedia&parent=159987"}],"wp:term":[{"taxonomy":"category","embeddable":true,"href":"https:\/\/www.fuldaernachrichten.de\/index.php?rest_route=%2Fwp%2Fv2%2Fcategories&post=159987"},{"taxonomy":"post_tag","embeddable":true,"href":"https:\/\/www.fuldaernachrichten.de\/index.php?rest_route=%2Fwp%2Fv2%2Ftags&post=159987"}],"curies":[{"name":"wp","href":"https:\/\/api.w.org\/{rel}","templated":true}]}}