{"id":159983,"date":"2017-02-07T20:19:57","date_gmt":"2017-02-07T19:19:57","guid":{"rendered":"http:\/\/www.fuldaer-nachrichten.de\/?p=159983"},"modified":"2017-02-07T20:19:57","modified_gmt":"2017-02-07T19:19:57","slug":"trauerbegleitermodule-im-februar-2017","status":"publish","type":"post","link":"https:\/\/www.fuldaernachrichten.de\/?p=159983","title":{"rendered":"Trauerbegleitermodule im Februar 2017"},"content":{"rendered":"<p>Die Trauerarbeit im Bistum Fulda hat seit Januar 2017 einen Kurs f\u00fcr Trauerbegleiter begonnen, in dem jederzeit Menschen einsteigen k\u00f6nnen. Der 7. Kurs wird in 2017 und (Kurs 8) 2018 jeweils vollst\u00e4ndig angeboten und die Teilnehmer k\u00f6nnen nach Ma\u00dfgabe ihrer zeitlichen M\u00f6glichkeiten sich die 12 Module zusammenstellen. F\u00fcr ein Zertifikat werden mindestens 8 Module ben\u00f6tigt. Jedes Modul ist einzeln buchbar.<\/p>\n<p>Im Februar werden Modul 3\u00c2\u00a0 am Samstag, 25. Februar \u201eDer w\u00fcrdige Umgang mit dem Leichnam\u201c und einer Exkursion ins Haus des Abschiedes nach Kalbach angeboten. Am Sonntag, 26. Februar\u00c2\u00a0 findet das Modul 4 zum Thema \u201eTrauer und Trauma\u201c statt. Kosten f\u00fcr jedes Modul sind 120 \u00e2\u201a\u00ac\u00c2\u00a0 am Samstag und 113 \u00e2\u201a\u00ac\u00c2\u00a0 am Sonntag. Darin sind Verpflegung und Kursmaterialien (Digital) enthalten.\u00c2\u00a0 Das\u00c2\u00a0 vollst\u00e4ndige Programm sowie die Anmeldung sind beim Bonifatiushaus Fulda<br \/>\nNeuenberger Stra\u00dfe 3-5<br \/>\n36041 Fulda<br \/>\nMargarete Litwin unter Telefon 0661\/ 83 98-117\u00c2\u00a0 oder -114<br \/>\noder per Mail an: info@bonifatiushaus.de m\u00f6glich.<\/p>\n<p>R\u00fcckfragen zu inhaltlichen beantwortet der Referent Werner Gutheil Er ist Di\u00f6zesanseelsorger f\u00fcr Trauernde im Bistum Fulda Werner Gutheil, langj\u00e4hriger Klinikpfarrer(1997 bis 2009), Klinische Ausbildung, Weiterbildung in Pastoralpsychologie bei Prof. Dr. Karl Frielingsdorf, St. Georgen Ffm,\u00c2\u00a0 Fortbildung mit gro\u00dfer Trauerbegleitung am TPI Mainz, Basisausbildung f\u00fcr Familientrauer bei Mechtild Schroeter \u2013 Rupieper, Weiterbildungskurse in Hypnotherapeutische Trauerbegleitung bei Roland Kachler, Palliative Care f\u00fcr Nichtpflegende und Sozialarbeiter, Ethikberater im Gesundheitswesen, Weiterbildung in Traumatherapie und Beratung im Zentrum f\u00fcr Psychotraumatologie und Traumatherapie Niedersachsen (zptn) bei Lutz Besser Seit 2009 ist er Di\u00f6zesanseelsorger f\u00fcr Trauernde im Bistum Fulda, Leiter des Trauerzentrum Rh\u00f6nstra\u00dfe 8\u00c2\u00a0 in Hanau und in der Weiterentwicklung der Trauerarbeit im Bistum Fulda t\u00e4tig. B\u00fcro f\u00fcr Trauerarbeit: 06181- 42 898 44 oder per Mail: Werner.Gutheil@trauern-warum-allein.de<\/p>\n","protected":false},"excerpt":{"rendered":"<div class=\"tmnf_excerpt\"><p>Die Trauerarbeit im Bistum Fulda hat seit Januar 2017 einen Kurs f\u00fcr Trauerbegleiter begonnen, in dem jederzeit Menschen einsteigen k\u00f6nnen. Der 7. Kurs wird in 2017 und (Kurs 8) 2018 jeweils vollst\u00e4ndig angeboten und die Teilnehmer k\u00f6nnen nach Ma\u00dfgabe ihrer zeitlichen M\u00f6glichkeiten sich die 12 Module zusammenstellen. F\u00fcr ein Zertifikat werden mindestens 8 Module ben\u00f6tigt. &hellip;<\/p>\n<\/div>","protected":false},"author":1,"featured_media":0,"comment_status":"closed","ping_status":"closed","sticky":false,"template":"","format":"standard","meta":{"footnotes":""},"categories":[1],"tags":[],"class_list":["post-159983","post","type-post","status-publish","format-standard","hentry","category-startseite"],"_links":{"self":[{"href":"https:\/\/www.fuldaernachrichten.de\/index.php?rest_route=\/wp\/v2\/posts\/159983","targetHints":{"allow":["GET"]}}],"collection":[{"href":"https:\/\/www.fuldaernachrichten.de\/index.php?rest_route=\/wp\/v2\/posts"}],"about":[{"href":"https:\/\/www.fuldaernachrichten.de\/index.php?rest_route=\/wp\/v2\/types\/post"}],"author":[{"embeddable":true,"href":"https:\/\/www.fuldaernachrichten.de\/index.php?rest_route=\/wp\/v2\/users\/1"}],"replies":[{"embeddable":true,"href":"https:\/\/www.fuldaernachrichten.de\/index.php?rest_route=%2Fwp%2Fv2%2Fcomments&post=159983"}],"version-history":[{"count":1,"href":"https:\/\/www.fuldaernachrichten.de\/index.php?rest_route=\/wp\/v2\/posts\/159983\/revisions"}],"predecessor-version":[{"id":159990,"href":"https:\/\/www.fuldaernachrichten.de\/index.php?rest_route=\/wp\/v2\/posts\/159983\/revisions\/159990"}],"wp:attachment":[{"href":"https:\/\/www.fuldaernachrichten.de\/index.php?rest_route=%2Fwp%2Fv2%2Fmedia&parent=159983"}],"wp:term":[{"taxonomy":"category","embeddable":true,"href":"https:\/\/www.fuldaernachrichten.de\/index.php?rest_route=%2Fwp%2Fv2%2Fcategories&post=159983"},{"taxonomy":"post_tag","embeddable":true,"href":"https:\/\/www.fuldaernachrichten.de\/index.php?rest_route=%2Fwp%2Fv2%2Ftags&post=159983"}],"curies":[{"name":"wp","href":"https:\/\/api.w.org\/{rel}","templated":true}]}}