{"id":159977,"date":"2017-02-07T20:18:26","date_gmt":"2017-02-07T19:18:26","guid":{"rendered":"http:\/\/www.fuldaer-nachrichten.de\/?p=159977"},"modified":"2017-02-07T20:18:26","modified_gmt":"2017-02-07T19:18:26","slug":"cafe-hoffnungsschimmer-jetzt-in-kleinsassen","status":"publish","type":"post","link":"https:\/\/www.fuldaernachrichten.de\/?p=159977","title":{"rendered":"Caf\u00e9 Hoffnungsschimmer jetzt in Kleinsassen"},"content":{"rendered":"<p>Kleinsassen ist ab diesem Monat neue Heimat des Caf\u00e9s \u201eHoffnungsschimmer\u201c. Die langj\u00e4hrige Leiterin Eva Maria Bott hat das idyllische Malerdorf an der Flanke der Milseburg in der Rh\u00f6n als neuen Standort ausgew\u00e4hlt, der auch Treffpunkt der neuen Gruppe \u201eZuversicht\u201c ist. Am Donnerstag, 9. Februar, findet zum ersten Mal das Trauer-Caf\u00e9 am Hirtsrain 8 statt.<\/p>\n<p>\u201eUnser Trauer-Caf\u00e9-Angebot, dass wir inzwischen in acht St\u00e4dten und Gemeinden im Bistum Fulda als Begegnungsorte f\u00fcr trauernde Menschen anbieten, ist zum einen ein Hilfsangebot zur gemeinsamen Trauerbew\u00e4ltigung, aber auch daf\u00fcr, um neue soziale Kontakte zu kn\u00fcpfen\u201c, so Pfarrer Werner Gutheil, Di\u00f6zesanseelsorger f\u00fcr Trauernde. Die Verlegung des Angebots von Fulda nach Kleinsassen in der Rh\u00f6n geschah auf Anregung der Caf\u00e9-Leiterin Bott, die damit insbesondere f\u00fcr trauernde Menschen aus der Rh\u00f6n die Erreichbarkeit des Caf\u00e9s Hoffnungsschimmer erleichtern m\u00f6chte.<\/p>\n<p>Ganz neu hat sich eine Gruppe mit dem Namen \u201eZuversicht\u201c gebildet, die sich ebenfalls ab diesem Monat regelm\u00e4\u00dfig im Caf\u00e9 Hoffnungsschimmer in Kleinsassen trifft. Die Gruppe hat sich aus den Teilnehmern des Trauer-Caf\u00e9s herausgebildet und ist bereits sieben Personen stark. Sie treffen sich aber nicht nur zu den Trauer-Caf\u00e9s an jedem zweiten Donnerstag im Monat, sondern auch zwischen den regelm\u00e4\u00dfigen Terminen f\u00fcr gemeinsame Unternehmungen.<\/p>\n<p>Zu den Treffen ist es jeweils erforderlich, sich anzumelden. Die Teilnahme am Trauer-Caf\u00e9 Am Hirtsrain 8 in Kleinsassen, das an jedem zweiten Donnerstag im Monat stattfindet (November bis April von 15 bis 17 Uhr, von Mai bis Oktober von 17 bis 19 Uhr) ist kostenfrei. Anmeldungen k\u00f6nnen telefonisch erfolgen \u00fcber 0 66 57 \/ 65 43 (Eva Maria Bott) oder Telefon 06 61 \/ 87-5 79 (B\u00fcro f\u00fcr Trauerarbeit). Anmeldungen k\u00f6nnen auch per E-Mail erfolgen: info@trauern-warum-allein.de<\/p>\n","protected":false},"excerpt":{"rendered":"<div class=\"tmnf_excerpt\"><p>Kleinsassen ist ab diesem Monat neue Heimat des Caf\u00e9s \u201eHoffnungsschimmer\u201c. Die langj\u00e4hrige Leiterin Eva Maria Bott hat das idyllische Malerdorf an der Flanke der Milseburg in der Rh\u00f6n als neuen Standort ausgew\u00e4hlt, der auch Treffpunkt der neuen Gruppe \u201eZuversicht\u201c ist. Am Donnerstag, 9. Februar, findet zum ersten Mal das Trauer-Caf\u00e9 am Hirtsrain 8 statt. \u201eUnser &hellip;<\/p>\n<\/div>","protected":false},"author":1,"featured_media":0,"comment_status":"closed","ping_status":"closed","sticky":false,"template":"","format":"standard","meta":{"footnotes":""},"categories":[1],"tags":[],"class_list":["post-159977","post","type-post","status-publish","format-standard","hentry","category-startseite"],"_links":{"self":[{"href":"https:\/\/www.fuldaernachrichten.de\/index.php?rest_route=\/wp\/v2\/posts\/159977","targetHints":{"allow":["GET"]}}],"collection":[{"href":"https:\/\/www.fuldaernachrichten.de\/index.php?rest_route=\/wp\/v2\/posts"}],"about":[{"href":"https:\/\/www.fuldaernachrichten.de\/index.php?rest_route=\/wp\/v2\/types\/post"}],"author":[{"embeddable":true,"href":"https:\/\/www.fuldaernachrichten.de\/index.php?rest_route=\/wp\/v2\/users\/1"}],"replies":[{"embeddable":true,"href":"https:\/\/www.fuldaernachrichten.de\/index.php?rest_route=%2Fwp%2Fv2%2Fcomments&post=159977"}],"version-history":[{"count":1,"href":"https:\/\/www.fuldaernachrichten.de\/index.php?rest_route=\/wp\/v2\/posts\/159977\/revisions"}],"predecessor-version":[{"id":159978,"href":"https:\/\/www.fuldaernachrichten.de\/index.php?rest_route=\/wp\/v2\/posts\/159977\/revisions\/159978"}],"wp:attachment":[{"href":"https:\/\/www.fuldaernachrichten.de\/index.php?rest_route=%2Fwp%2Fv2%2Fmedia&parent=159977"}],"wp:term":[{"taxonomy":"category","embeddable":true,"href":"https:\/\/www.fuldaernachrichten.de\/index.php?rest_route=%2Fwp%2Fv2%2Fcategories&post=159977"},{"taxonomy":"post_tag","embeddable":true,"href":"https:\/\/www.fuldaernachrichten.de\/index.php?rest_route=%2Fwp%2Fv2%2Ftags&post=159977"}],"curies":[{"name":"wp","href":"https:\/\/api.w.org\/{rel}","templated":true}]}}